{"id":312,"date":"2013-06-05T08:45:48","date_gmt":"2013-06-05T08:45:48","guid":{"rendered":"https:\/\/www.leben-atmen.com\/palermo\/?p=312"},"modified":"2013-06-05T08:45:48","modified_gmt":"2013-06-05T08:45:48","slug":"unser-programmierer-perfekt-in-allen-belangen","status":"publish","type":"post","link":"https:\/\/www.leben-atmen.com\/palermo\/2013\/06\/05\/unser-programmierer-perfekt-in-allen-belangen\/","title":{"rendered":"Unser Programmierer &#8211; perfekt in allen Belangen"},"content":{"rendered":"<p>Unser Lars Bergelt (http:\/\/www.lbergelt.de) ist daf\u00fcr verantwortlich, das alles so funktioniert, wie es eben funktionieren soll. Er ist unser iPhone- und iPad-App Profi.<\/p>\n<p>Wer schon mal derartige Projekte durchgef\u00fchrt hat, der wei\u00df, worauf es ankommt: Auf klare Kommunikation, Termintreue und Perfektion in allen Belangen. Mit dem Lars klappt das in jeder Hinsicht. Immer wenn wir W\u00fcnsche formuliert hatten, \u00c4nderungen angedacht hatten, war die Umsetzung nur wenige Stunden entfernt. Dabei ist der Lars nicht nur ein toller Programmierer &#8211; nein: er hat ebenso ein tolles Gef\u00fchl f\u00fcr Gestaltung und Design &#8211; was leider viele App-Programmierer nicht aufweisen k\u00f6nnen.<\/p>\n<p>Ach ja: Unsere App auf dem iPhone und iPad greift die Daten von einem WordPress-Blog ab und weitere Informationen kommen von unserem FTP-Server. Und auch WordPress ist sein Steckenpferd. Schwups hat er einige Plugins daf\u00fcr geschrieben, um Dinge in der Zusammenarbeit mit den Apps zu realisieren, von den wir dachten, das sei eigentlich gar nicht machbar. Doch Lars machts immer wieder m\u00f6glich &#8211; fast schon unglaublich.<\/p>\n<p>Vielen herzlichen von uns f\u00fcr die wie immer tolle und inspirierende Zusammenarbeit.<\/p>\n<p>&nbsp;<\/p>\n<p><a href=\"https:\/\/www.leben-atmen.com\/wp-content\/blogs.dir\/4\/files\/2013\/05\/foto_bergelt_lars.jpeg\" data-rel=\"lightbox-image-0\" data-rl_title=\"\" data-rl_caption=\"\" title=\"\"><img decoding=\"async\" class=\"alignnone size-full\" alt=\"\" src=\"https:\/\/www.leben-atmen.com\/wp-content\/blogs.dir\/4\/files\/2013\/05\/foto_bergelt_lars.jpeg\" \/><\/a><\/p>\n","protected":false},"excerpt":{"rendered":"<p>Unser Lars Bergelt (http:\/\/www.lbergelt.de) ist daf\u00fcr verantwortlich, das alles so funktioniert, wie es eben funktionieren soll. Er ist unser iPhone- und iPad-App Profi. Wer schon mal derartige Projekte durchgef\u00fchrt hat, der wei\u00df, worauf es ankommt: Auf klare Kommunikation, Termintreue und &hellip; <a href=\"https:\/\/www.leben-atmen.com\/palermo\/2013\/06\/05\/unser-programmierer-perfekt-in-allen-belangen\/\">Weiterlesen <span class=\"meta-nav\">&rarr;<\/span><\/a><\/p>\n","protected":false},"author":3,"featured_media":0,"comment_status":"open","ping_status":"open","sticky":false,"template":"","format":"standard","meta":{"_jetpack_memberships_contains_paid_content":false,"footnotes":""},"categories":[1],"tags":[],"class_list":["post-312","post","type-post","status-publish","format-standard","hentry","category-allgemein"],"jetpack_featured_media_url":"","jetpack_sharing_enabled":true,"_links":{"self":[{"href":"https:\/\/www.leben-atmen.com\/palermo\/wp-json\/wp\/v2\/posts\/312","targetHints":{"allow":["GET"]}}],"collection":[{"href":"https:\/\/www.leben-atmen.com\/palermo\/wp-json\/wp\/v2\/posts"}],"about":[{"href":"https:\/\/www.leben-atmen.com\/palermo\/wp-json\/wp\/v2\/types\/post"}],"author":[{"embeddable":true,"href":"https:\/\/www.leben-atmen.com\/palermo\/wp-json\/wp\/v2\/users\/3"}],"replies":[{"embeddable":true,"href":"https:\/\/www.leben-atmen.com\/palermo\/wp-json\/wp\/v2\/comments?post=312"}],"version-history":[{"count":2,"href":"https:\/\/www.leben-atmen.com\/palermo\/wp-json\/wp\/v2\/posts\/312\/revisions"}],"predecessor-version":[{"id":314,"href":"https:\/\/www.leben-atmen.com\/palermo\/wp-json\/wp\/v2\/posts\/312\/revisions\/314"}],"wp:attachment":[{"href":"https:\/\/www.leben-atmen.com\/palermo\/wp-json\/wp\/v2\/media?parent=312"}],"wp:term":[{"taxonomy":"category","embeddable":true,"href":"https:\/\/www.leben-atmen.com\/palermo\/wp-json\/wp\/v2\/categories?post=312"},{"taxonomy":"post_tag","embeddable":true,"href":"https:\/\/www.leben-atmen.com\/palermo\/wp-json\/wp\/v2\/tags?post=312"}],"curies":[{"name":"wp","href":"https:\/\/api.w.org\/{rel}","templated":true}]}}