{"id":307,"date":"2013-05-31T09:18:22","date_gmt":"2013-05-31T09:18:22","guid":{"rendered":"https:\/\/www.leben-atmen.com\/palermo\/?p=307"},"modified":"2013-05-31T09:18:22","modified_gmt":"2013-05-31T09:18:22","slug":"schlechtes-wetter-zeit-fur-die-hufpflege","status":"publish","type":"post","link":"https:\/\/www.leben-atmen.com\/palermo\/2013\/05\/31\/schlechtes-wetter-zeit-fur-die-hufpflege\/","title":{"rendered":"Schlechtes Wetter? Zeit f\u00fcr die Hufpflege"},"content":{"rendered":"<p>Es ist zum M\u00e4usemelken und selbst die verkriechen sich bei dem Wetter.\u00a0Darum nutzen wir die Zeit und lassen noch einmal unsere &#8222;Hufe&#8220; kontrollieren. Gott sei Dank, denn ein riesiger Holzsplitter durchbohrte meinen gro\u00dfen Zeh, den ich mir am einzigen sch\u00f6nen Tag vorige Woche auf unserer Holzterasse eingezogen hatte.\u00a0Der h\u00e4tte mir auf der Radreise ganz sch\u00f6n \u00c4rger gemacht, wie man sich unschwer vorstellen kann. Hatte auch nichts davon bemerkt.<\/p>\n<p>Aber Christoph Mayer von der Fu\u00dfpflege in Aichach\u00a0<a id=\"js_9\" title=\"Sie und Er Fusspflege Aichach\" href=\"http:\/\/www.fusspflege-aichach.de\" target=\"_blank\" data-hovercard=\"\/ajax\/hovercard\/page.php?id=301833163216272\">Sie &amp; Er Zeugner \/ Niesporek Podologie und Med. Fu\u00dfpflege<\/a>\u00a0hat mich gerettet. Und Toni bekam noch eine Fu\u00dfmassage extra, damit er mir wieder davon fahren kann.<\/p>\n<p>Vielen Dank f\u00fcr die tolle Unterst\u00fctzung, denn auch dieses Jahr ist Christoph als Sponsor wieder mit dabei!<\/p>\n<p><a href=\"https:\/\/www.leben-atmen.com\/wp-content\/blogs.dir\/4\/files\/2013\/05\/sie-und-er.jpg\" data-rel=\"lightbox-image-0\" data-rl_title=\"\" data-rl_caption=\"\" title=\"\"><img decoding=\"async\" class=\"alignnone size-full\" alt=\"\" src=\"https:\/\/www.leben-atmen.com\/wp-content\/blogs.dir\/4\/files\/2013\/05\/sie-und-er.jpg\" \/><\/a><\/p>\n","protected":false},"excerpt":{"rendered":"<p>Es ist zum M\u00e4usemelken und selbst die verkriechen sich bei dem Wetter.\u00a0Darum nutzen wir die Zeit und lassen noch einmal unsere &#8222;Hufe&#8220; kontrollieren. Gott sei Dank, denn ein riesiger Holzsplitter durchbohrte meinen gro\u00dfen Zeh, den ich mir am einzigen sch\u00f6nen &hellip; <a href=\"https:\/\/www.leben-atmen.com\/palermo\/2013\/05\/31\/schlechtes-wetter-zeit-fur-die-hufpflege\/\">Weiterlesen <span class=\"meta-nav\">&rarr;<\/span><\/a><\/p>\n","protected":false},"author":2,"featured_media":0,"comment_status":"open","ping_status":"open","sticky":false,"template":"","format":"standard","meta":{"_jetpack_memberships_contains_paid_content":false,"footnotes":""},"categories":[1],"tags":[],"class_list":["post-307","post","type-post","status-publish","format-standard","hentry","category-allgemein"],"jetpack_featured_media_url":"","jetpack_sharing_enabled":true,"_links":{"self":[{"href":"https:\/\/www.leben-atmen.com\/palermo\/wp-json\/wp\/v2\/posts\/307","targetHints":{"allow":["GET"]}}],"collection":[{"href":"https:\/\/www.leben-atmen.com\/palermo\/wp-json\/wp\/v2\/posts"}],"about":[{"href":"https:\/\/www.leben-atmen.com\/palermo\/wp-json\/wp\/v2\/types\/post"}],"author":[{"embeddable":true,"href":"https:\/\/www.leben-atmen.com\/palermo\/wp-json\/wp\/v2\/users\/2"}],"replies":[{"embeddable":true,"href":"https:\/\/www.leben-atmen.com\/palermo\/wp-json\/wp\/v2\/comments?post=307"}],"version-history":[{"count":1,"href":"https:\/\/www.leben-atmen.com\/palermo\/wp-json\/wp\/v2\/posts\/307\/revisions"}],"predecessor-version":[{"id":309,"href":"https:\/\/www.leben-atmen.com\/palermo\/wp-json\/wp\/v2\/posts\/307\/revisions\/309"}],"wp:attachment":[{"href":"https:\/\/www.leben-atmen.com\/palermo\/wp-json\/wp\/v2\/media?parent=307"}],"wp:term":[{"taxonomy":"category","embeddable":true,"href":"https:\/\/www.leben-atmen.com\/palermo\/wp-json\/wp\/v2\/categories?post=307"},{"taxonomy":"post_tag","embeddable":true,"href":"https:\/\/www.leben-atmen.com\/palermo\/wp-json\/wp\/v2\/tags?post=307"}],"curies":[{"name":"wp","href":"https:\/\/api.w.org\/{rel}","templated":true}]}}