{"id":304,"date":"2013-05-31T07:57:33","date_gmt":"2013-05-31T07:57:33","guid":{"rendered":"https:\/\/www.leben-atmen.com\/palermo\/?p=304"},"modified":"2013-05-31T07:57:33","modified_gmt":"2013-05-31T07:57:33","slug":"starkregen-sturmboen-hagel-gewitter","status":"publish","type":"post","link":"https:\/\/www.leben-atmen.com\/palermo\/2013\/05\/31\/starkregen-sturmboen-hagel-gewitter\/","title":{"rendered":"Starkregen, Sturmb\u00f6en, Hagel, Gewitter"},"content":{"rendered":"<p>Oh Mann &#8211; das Wetter ist die H\u00f6lle. Und just f\u00fcr dieses Wochenende sind enorm starke Niederschl\u00e4ge zu erwarten. Jetzt &#8211; am Freitagvormittag &#8211; regnet es erneut seid \u00fcber 14 h ohne Unterlass.<\/p>\n<p>Wir lassen das Sturmtief \u00fcber uns hinwegsausen und werden dann leicht versp\u00e4tet am Montag &#8211; den 3.6 starten. Dort soll es immerhin nur noch leicht regnen.<\/p>\n<p><a href=\"https:\/\/www.leben-atmen.com\/wp-content\/blogs.dir\/4\/files\/2013\/05\/wetterbericht.png\" data-rel=\"lightbox-image-0\" data-rl_title=\"\" data-rl_caption=\"\" title=\"\"><img decoding=\"async\" class=\"alignnone size-full\" alt=\"\" src=\"https:\/\/www.leben-atmen.com\/wp-content\/blogs.dir\/4\/files\/2013\/05\/wetterbericht.png\" \/><\/a><\/p>\n","protected":false},"excerpt":{"rendered":"<p>Oh Mann &#8211; das Wetter ist die H\u00f6lle. Und just f\u00fcr dieses Wochenende sind enorm starke Niederschl\u00e4ge zu erwarten. Jetzt &#8211; am Freitagvormittag &#8211; regnet es erneut seid \u00fcber 14 h ohne Unterlass. Wir lassen das Sturmtief \u00fcber uns hinwegsausen &hellip; <a href=\"https:\/\/www.leben-atmen.com\/palermo\/2013\/05\/31\/starkregen-sturmboen-hagel-gewitter\/\">Weiterlesen <span class=\"meta-nav\">&rarr;<\/span><\/a><\/p>\n","protected":false},"author":3,"featured_media":0,"comment_status":"open","ping_status":"open","sticky":false,"template":"","format":"standard","meta":{"_jetpack_memberships_contains_paid_content":false,"footnotes":""},"categories":[1],"tags":[],"class_list":["post-304","post","type-post","status-publish","format-standard","hentry","category-allgemein"],"jetpack_featured_media_url":"","jetpack_sharing_enabled":true,"_links":{"self":[{"href":"https:\/\/www.leben-atmen.com\/palermo\/wp-json\/wp\/v2\/posts\/304","targetHints":{"allow":["GET"]}}],"collection":[{"href":"https:\/\/www.leben-atmen.com\/palermo\/wp-json\/wp\/v2\/posts"}],"about":[{"href":"https:\/\/www.leben-atmen.com\/palermo\/wp-json\/wp\/v2\/types\/post"}],"author":[{"embeddable":true,"href":"https:\/\/www.leben-atmen.com\/palermo\/wp-json\/wp\/v2\/users\/3"}],"replies":[{"embeddable":true,"href":"https:\/\/www.leben-atmen.com\/palermo\/wp-json\/wp\/v2\/comments?post=304"}],"version-history":[{"count":1,"href":"https:\/\/www.leben-atmen.com\/palermo\/wp-json\/wp\/v2\/posts\/304\/revisions"}],"predecessor-version":[{"id":306,"href":"https:\/\/www.leben-atmen.com\/palermo\/wp-json\/wp\/v2\/posts\/304\/revisions\/306"}],"wp:attachment":[{"href":"https:\/\/www.leben-atmen.com\/palermo\/wp-json\/wp\/v2\/media?parent=304"}],"wp:term":[{"taxonomy":"category","embeddable":true,"href":"https:\/\/www.leben-atmen.com\/palermo\/wp-json\/wp\/v2\/categories?post=304"},{"taxonomy":"post_tag","embeddable":true,"href":"https:\/\/www.leben-atmen.com\/palermo\/wp-json\/wp\/v2\/tags?post=304"}],"curies":[{"name":"wp","href":"https:\/\/api.w.org\/{rel}","templated":true}]}}