{"id":285,"date":"2013-05-28T10:00:20","date_gmt":"2013-05-28T10:00:20","guid":{"rendered":"https:\/\/www.leben-atmen.com\/palermo\/?p=285"},"modified":"2013-05-28T10:00:20","modified_gmt":"2013-05-28T10:00:20","slug":"toni-ist-busy-peppone-relaxt","status":"publish","type":"post","link":"https:\/\/www.leben-atmen.com\/palermo\/2013\/05\/28\/toni-ist-busy-peppone-relaxt\/","title":{"rendered":"Toni ist busy, Peppone relaxt"},"content":{"rendered":"<p>Ja, das Wetter muss man ausnutzen zum relaxen &#8211; und zum arbeiten. Heute pr\u00e4sentiert sich das Wetter von seiner sch\u00f6nsten Seite. Es werden letzte Arbeiten am Rad verrichtet. W\u00e4hrend Toni poliert, legt sich derweil Peppone der Esel, unser neues Maskottchen, auf die faule Haut. Seufz, leider ist es nur dem Stofftier verg\u00f6nnt, die Piz Buin Stellung einzunehmen&#8230;<\/p>\n<p><a href=\"https:\/\/www.leben-atmen.com\/wp-content\/blogs.dir\/4\/files\/2013\/05\/20130528-120009.jpg\" data-rel=\"lightbox-image-0\" data-rl_title=\"\" data-rl_caption=\"\" title=\"\"><img decoding=\"async\" src=\"https:\/\/www.leben-atmen.com\/wp-content\/blogs.dir\/4\/files\/2013\/05\/20130528-120009.jpg\" alt=\"20130528-120009.jpg\" class=\"alignnone size-full\" \/><\/a><\/p>\n","protected":false},"excerpt":{"rendered":"<p>Ja, das Wetter muss man ausnutzen zum relaxen &#8211; und zum arbeiten. Heute pr\u00e4sentiert sich das Wetter von seiner sch\u00f6nsten Seite. Es werden letzte Arbeiten am Rad verrichtet. W\u00e4hrend Toni poliert, legt sich derweil Peppone der Esel, unser neues Maskottchen, &hellip; <a href=\"https:\/\/www.leben-atmen.com\/palermo\/2013\/05\/28\/toni-ist-busy-peppone-relaxt\/\">Weiterlesen <span class=\"meta-nav\">&rarr;<\/span><\/a><\/p>\n","protected":false},"author":2,"featured_media":0,"comment_status":"open","ping_status":"open","sticky":false,"template":"","format":"standard","meta":{"_jetpack_memberships_contains_paid_content":false,"footnotes":""},"categories":[1],"tags":[],"class_list":["post-285","post","type-post","status-publish","format-standard","hentry","category-allgemein"],"jetpack_featured_media_url":"","jetpack_sharing_enabled":true,"_links":{"self":[{"href":"https:\/\/www.leben-atmen.com\/palermo\/wp-json\/wp\/v2\/posts\/285","targetHints":{"allow":["GET"]}}],"collection":[{"href":"https:\/\/www.leben-atmen.com\/palermo\/wp-json\/wp\/v2\/posts"}],"about":[{"href":"https:\/\/www.leben-atmen.com\/palermo\/wp-json\/wp\/v2\/types\/post"}],"author":[{"embeddable":true,"href":"https:\/\/www.leben-atmen.com\/palermo\/wp-json\/wp\/v2\/users\/2"}],"replies":[{"embeddable":true,"href":"https:\/\/www.leben-atmen.com\/palermo\/wp-json\/wp\/v2\/comments?post=285"}],"version-history":[{"count":0,"href":"https:\/\/www.leben-atmen.com\/palermo\/wp-json\/wp\/v2\/posts\/285\/revisions"}],"wp:attachment":[{"href":"https:\/\/www.leben-atmen.com\/palermo\/wp-json\/wp\/v2\/media?parent=285"}],"wp:term":[{"taxonomy":"category","embeddable":true,"href":"https:\/\/www.leben-atmen.com\/palermo\/wp-json\/wp\/v2\/categories?post=285"},{"taxonomy":"post_tag","embeddable":true,"href":"https:\/\/www.leben-atmen.com\/palermo\/wp-json\/wp\/v2\/tags?post=285"}],"curies":[{"name":"wp","href":"https:\/\/api.w.org\/{rel}","templated":true}]}}