{"id":252,"date":"2013-05-27T15:12:51","date_gmt":"2013-05-27T15:12:51","guid":{"rendered":"https:\/\/www.leben-atmen.com\/palermo\/?p=252"},"modified":"2013-05-27T15:12:51","modified_gmt":"2013-05-27T15:12:51","slug":"vorfreude-mit-handbremse","status":"publish","type":"post","link":"https:\/\/www.leben-atmen.com\/palermo\/2013\/05\/27\/vorfreude-mit-handbremse\/","title":{"rendered":"Vorfreude mit Handbremse"},"content":{"rendered":"<p>Es gibt ja bekanntlich zwei Dinge, auf die man beim Radfahren gerne verzichten kann: Gegenwind und Regen. Vor allem Regen ist einfach furchtbar. Weniger der von oben &#8211; eher das Spritzwasser von unten.<\/p>\n<p>Aber es hilft eben alles nichts &#8211; das Wetter ist \u00fcbel und das ist aktuell das absolut Schlimme: es scheint nicht durchgreifend besser zu werden. Selbst in Italien ist es nun &#8211; Ende Mai &#8211; nicht so, wie es eigentlich sein sollte.<\/p>\n<p>Ich habe ja kein Problem damit, K\u00e4lte und Regen zu ertragen, solange wir \u00fcber die Alpen klettern. Aber danach m\u00f6chte ich es schon angenehmer haben. Doch derzeit ists auch s\u00fcdlich der Alpen nicht prickelnd.<\/p>\n<p>So bereiten wir uns auf die Reise vor und legen noch das eine oder andere warme Kleidungsst\u00fcck dazu.<\/p>\n<p><a href=\"https:\/\/www.leben-atmen.com\/wp-content\/blogs.dir\/4\/files\/2013\/05\/obg.png\" data-rel=\"lightbox-image-0\" data-rl_title=\"\" data-rl_caption=\"\" title=\"\"><img decoding=\"async\" class=\"alignnone size-full\" alt=\"\" src=\"https:\/\/www.leben-atmen.com\/wp-content\/blogs.dir\/4\/files\/2013\/05\/obg.png\" \/><\/a><\/p>\n<p><a href=\"https:\/\/www.leben-atmen.com\/wp-content\/blogs.dir\/4\/files\/2013\/05\/meran.png\" data-rel=\"lightbox-image-1\" data-rl_title=\"\" data-rl_caption=\"\" title=\"\"><img decoding=\"async\" class=\"alignnone size-full\" alt=\"\" src=\"https:\/\/www.leben-atmen.com\/wp-content\/blogs.dir\/4\/files\/2013\/05\/meran.png\" \/><\/a><\/p>\n<p><a href=\"https:\/\/www.leben-atmen.com\/wp-content\/blogs.dir\/4\/files\/2013\/05\/florenz.png\" data-rel=\"lightbox-image-2\" data-rl_title=\"\" data-rl_caption=\"\" title=\"\"><img decoding=\"async\" class=\"alignnone size-full\" alt=\"\" src=\"https:\/\/www.leben-atmen.com\/wp-content\/blogs.dir\/4\/files\/2013\/05\/florenz.png\" \/><\/a><\/p>\n<p><a href=\"https:\/\/www.leben-atmen.com\/wp-content\/blogs.dir\/4\/files\/2013\/05\/rom.png\" data-rel=\"lightbox-image-3\" data-rl_title=\"\" data-rl_caption=\"\" title=\"\"><img decoding=\"async\" class=\"alignnone size-full\" alt=\"\" src=\"https:\/\/www.leben-atmen.com\/wp-content\/blogs.dir\/4\/files\/2013\/05\/rom.png\" \/><\/a><\/p>\n<p><a href=\"https:\/\/www.leben-atmen.com\/wp-content\/blogs.dir\/4\/files\/2013\/05\/pal.png\" data-rel=\"lightbox-image-4\" data-rl_title=\"\" data-rl_caption=\"\" title=\"\"><img decoding=\"async\" class=\"alignnone size-full\" alt=\"\" src=\"https:\/\/www.leben-atmen.com\/wp-content\/blogs.dir\/4\/files\/2013\/05\/pal.png\" \/><\/a><\/p>\n","protected":false},"excerpt":{"rendered":"<p>Es gibt ja bekanntlich zwei Dinge, auf die man beim Radfahren gerne verzichten kann: Gegenwind und Regen. Vor allem Regen ist einfach furchtbar. Weniger der von oben &#8211; eher das Spritzwasser von unten. Aber es hilft eben alles nichts &#8211; &hellip; <a href=\"https:\/\/www.leben-atmen.com\/palermo\/2013\/05\/27\/vorfreude-mit-handbremse\/\">Weiterlesen <span class=\"meta-nav\">&rarr;<\/span><\/a><\/p>\n","protected":false},"author":3,"featured_media":253,"comment_status":"open","ping_status":"open","sticky":false,"template":"","format":"standard","meta":{"_jetpack_memberships_contains_paid_content":false,"footnotes":""},"categories":[1],"tags":[],"class_list":["post-252","post","type-post","status-publish","format-standard","has-post-thumbnail","hentry","category-allgemein"],"jetpack_featured_media_url":"https:\/\/www.leben-atmen.com\/wp-content\/blogs.dir\/4\/files\/2013\/05\/obg.png","jetpack_sharing_enabled":true,"_links":{"self":[{"href":"https:\/\/www.leben-atmen.com\/palermo\/wp-json\/wp\/v2\/posts\/252","targetHints":{"allow":["GET"]}}],"collection":[{"href":"https:\/\/www.leben-atmen.com\/palermo\/wp-json\/wp\/v2\/posts"}],"about":[{"href":"https:\/\/www.leben-atmen.com\/palermo\/wp-json\/wp\/v2\/types\/post"}],"author":[{"embeddable":true,"href":"https:\/\/www.leben-atmen.com\/palermo\/wp-json\/wp\/v2\/users\/3"}],"replies":[{"embeddable":true,"href":"https:\/\/www.leben-atmen.com\/palermo\/wp-json\/wp\/v2\/comments?post=252"}],"version-history":[{"count":2,"href":"https:\/\/www.leben-atmen.com\/palermo\/wp-json\/wp\/v2\/posts\/252\/revisions"}],"predecessor-version":[{"id":260,"href":"https:\/\/www.leben-atmen.com\/palermo\/wp-json\/wp\/v2\/posts\/252\/revisions\/260"}],"wp:featuredmedia":[{"embeddable":true,"href":"https:\/\/www.leben-atmen.com\/palermo\/wp-json\/wp\/v2\/media\/253"}],"wp:attachment":[{"href":"https:\/\/www.leben-atmen.com\/palermo\/wp-json\/wp\/v2\/media?parent=252"}],"wp:term":[{"taxonomy":"category","embeddable":true,"href":"https:\/\/www.leben-atmen.com\/palermo\/wp-json\/wp\/v2\/categories?post=252"},{"taxonomy":"post_tag","embeddable":true,"href":"https:\/\/www.leben-atmen.com\/palermo\/wp-json\/wp\/v2\/tags?post=252"}],"curies":[{"name":"wp","href":"https:\/\/api.w.org\/{rel}","templated":true}]}}