{"id":249,"date":"2013-05-27T09:09:04","date_gmt":"2013-05-27T09:09:04","guid":{"rendered":"https:\/\/www.leben-atmen.com\/palermo\/?p=249"},"modified":"2013-05-27T09:09:04","modified_gmt":"2013-05-27T09:09:04","slug":"spendenkontostand-27-5-2013","status":"publish","type":"post","link":"https:\/\/www.leben-atmen.com\/palermo\/2013\/05\/27\/spendenkontostand-27-5-2013\/","title":{"rendered":"Spendenkontostand 27.5.2013"},"content":{"rendered":"<p>Ich war heute morgen v\u00f6llig \u00fcberrascht, als ich Kontoausz\u00fcge holte und die von unserem Spendenkonto mit dabei waren. Und noch \u00fcberraschter war ich, das offensichtlich schon Menschen gespendet haben, obwohl unsere Aktion noch gar nicht richtig ver\u00f6ffentlicht wurde. Darum herzlichen Dank an die ersten vier Spender!<\/p>\n<p>Kontostand: \u20ac 155,\u2013<\/p>\n","protected":false},"excerpt":{"rendered":"<p>Ich war heute morgen v\u00f6llig \u00fcberrascht, als ich Kontoausz\u00fcge holte und die von unserem Spendenkonto mit dabei waren. Und noch \u00fcberraschter war ich, das offensichtlich schon Menschen gespendet haben, obwohl unsere Aktion noch gar nicht richtig ver\u00f6ffentlicht wurde. Darum herzlichen &hellip; <a href=\"https:\/\/www.leben-atmen.com\/palermo\/2013\/05\/27\/spendenkontostand-27-5-2013\/\">Weiterlesen <span class=\"meta-nav\">&rarr;<\/span><\/a><\/p>\n","protected":false},"author":2,"featured_media":0,"comment_status":"open","ping_status":"open","sticky":false,"template":"","format":"standard","meta":{"_jetpack_memberships_contains_paid_content":false,"footnotes":""},"categories":[1],"tags":[],"class_list":["post-249","post","type-post","status-publish","format-standard","hentry","category-allgemein"],"jetpack_featured_media_url":"","jetpack_sharing_enabled":true,"_links":{"self":[{"href":"https:\/\/www.leben-atmen.com\/palermo\/wp-json\/wp\/v2\/posts\/249","targetHints":{"allow":["GET"]}}],"collection":[{"href":"https:\/\/www.leben-atmen.com\/palermo\/wp-json\/wp\/v2\/posts"}],"about":[{"href":"https:\/\/www.leben-atmen.com\/palermo\/wp-json\/wp\/v2\/types\/post"}],"author":[{"embeddable":true,"href":"https:\/\/www.leben-atmen.com\/palermo\/wp-json\/wp\/v2\/users\/2"}],"replies":[{"embeddable":true,"href":"https:\/\/www.leben-atmen.com\/palermo\/wp-json\/wp\/v2\/comments?post=249"}],"version-history":[{"count":1,"href":"https:\/\/www.leben-atmen.com\/palermo\/wp-json\/wp\/v2\/posts\/249\/revisions"}],"predecessor-version":[{"id":250,"href":"https:\/\/www.leben-atmen.com\/palermo\/wp-json\/wp\/v2\/posts\/249\/revisions\/250"}],"wp:attachment":[{"href":"https:\/\/www.leben-atmen.com\/palermo\/wp-json\/wp\/v2\/media?parent=249"}],"wp:term":[{"taxonomy":"category","embeddable":true,"href":"https:\/\/www.leben-atmen.com\/palermo\/wp-json\/wp\/v2\/categories?post=249"},{"taxonomy":"post_tag","embeddable":true,"href":"https:\/\/www.leben-atmen.com\/palermo\/wp-json\/wp\/v2\/tags?post=249"}],"curies":[{"name":"wp","href":"https:\/\/api.w.org\/{rel}","templated":true}]}}