{"id":247,"date":"2013-05-27T06:25:47","date_gmt":"2013-05-27T06:25:47","guid":{"rendered":"https:\/\/www.leben-atmen.com\/palermo\/?p=247"},"modified":"2013-05-27T06:25:47","modified_gmt":"2013-05-27T06:25:47","slug":"schenk-mir-einen-roten-gartenzwerg","status":"publish","type":"post","link":"https:\/\/www.leben-atmen.com\/palermo\/2013\/05\/27\/schenk-mir-einen-roten-gartenzwerg\/","title":{"rendered":"Schenk mir einen roten Gartenzwerg"},"content":{"rendered":"<p>Oweia, was f\u00fcr ein Wetter! Der rote Poncho geh\u00f6rt zu Tonis neuer Ausr\u00fcstung, er testet ihn jetzt tapfer auf der Fahrt zur Arbeit. Ich werde mit dem Auto fahren, bekenne mich zum Weichei, protestiere damit gegen Petrus und das Wetter. Die Prognose, auch f\u00fcr n\u00e4chstes Wochenende, ist schlecht, so werden wir ihn wahrscheinlich \u00f6fters ben\u00f6tigen.<\/p>\n<p><a href=\"https:\/\/www.leben-atmen.com\/wp-content\/blogs.dir\/4\/files\/2013\/05\/20130527-082533.jpg\" data-rel=\"lightbox-image-0\" data-rl_title=\"\" data-rl_caption=\"\" title=\"\"><img decoding=\"async\" src=\"https:\/\/www.leben-atmen.com\/wp-content\/blogs.dir\/4\/files\/2013\/05\/20130527-082533.jpg\" alt=\"20130527-082533.jpg\" class=\"alignnone size-full\" \/><\/a><\/p>\n","protected":false},"excerpt":{"rendered":"<p>Oweia, was f\u00fcr ein Wetter! Der rote Poncho geh\u00f6rt zu Tonis neuer Ausr\u00fcstung, er testet ihn jetzt tapfer auf der Fahrt zur Arbeit. Ich werde mit dem Auto fahren, bekenne mich zum Weichei, protestiere damit gegen Petrus und das Wetter. &hellip; <a href=\"https:\/\/www.leben-atmen.com\/palermo\/2013\/05\/27\/schenk-mir-einen-roten-gartenzwerg\/\">Weiterlesen <span class=\"meta-nav\">&rarr;<\/span><\/a><\/p>\n","protected":false},"author":2,"featured_media":0,"comment_status":"open","ping_status":"open","sticky":false,"template":"","format":"standard","meta":{"_jetpack_memberships_contains_paid_content":false,"footnotes":""},"categories":[1],"tags":[],"class_list":["post-247","post","type-post","status-publish","format-standard","hentry","category-allgemein"],"jetpack_featured_media_url":"","jetpack_sharing_enabled":true,"_links":{"self":[{"href":"https:\/\/www.leben-atmen.com\/palermo\/wp-json\/wp\/v2\/posts\/247","targetHints":{"allow":["GET"]}}],"collection":[{"href":"https:\/\/www.leben-atmen.com\/palermo\/wp-json\/wp\/v2\/posts"}],"about":[{"href":"https:\/\/www.leben-atmen.com\/palermo\/wp-json\/wp\/v2\/types\/post"}],"author":[{"embeddable":true,"href":"https:\/\/www.leben-atmen.com\/palermo\/wp-json\/wp\/v2\/users\/2"}],"replies":[{"embeddable":true,"href":"https:\/\/www.leben-atmen.com\/palermo\/wp-json\/wp\/v2\/comments?post=247"}],"version-history":[{"count":0,"href":"https:\/\/www.leben-atmen.com\/palermo\/wp-json\/wp\/v2\/posts\/247\/revisions"}],"wp:attachment":[{"href":"https:\/\/www.leben-atmen.com\/palermo\/wp-json\/wp\/v2\/media?parent=247"}],"wp:term":[{"taxonomy":"category","embeddable":true,"href":"https:\/\/www.leben-atmen.com\/palermo\/wp-json\/wp\/v2\/categories?post=247"},{"taxonomy":"post_tag","embeddable":true,"href":"https:\/\/www.leben-atmen.com\/palermo\/wp-json\/wp\/v2\/tags?post=247"}],"curies":[{"name":"wp","href":"https:\/\/api.w.org\/{rel}","templated":true}]}}