{"id":241,"date":"2013-05-26T09:43:53","date_gmt":"2013-05-26T09:43:53","guid":{"rendered":"https:\/\/www.leben-atmen.com\/palermo\/?p=241"},"modified":"2013-05-26T09:43:53","modified_gmt":"2013-05-26T09:43:53","slug":"testbepackung","status":"publish","type":"post","link":"https:\/\/www.leben-atmen.com\/palermo\/2013\/05\/26\/testbepackung\/","title":{"rendered":"Testbepackung"},"content":{"rendered":"<p>Knapp eine Woche vor dem Start, haben wir nun unsere Taschen vorbereitet und sie mit dem m\u00f6glichen Inhalten zu bepacken.<br \/>\nWer schon einmal eine Radtour unternommen hat, wei\u00df, wie wenig man in der Summe tats\u00e4chlich mitnehmen kann. Wir haben von den vergangenen Jahren Listen, die die notwendigen Dinge zeigen, die wir mitzunehmen gedenken. <\/p>\n<p><a href=\"https:\/\/www.leben-atmen.com\/wp-content\/blogs.dir\/4\/files\/2013\/05\/20130526-114340.jpg\" data-rel=\"lightbox-image-0\" data-rl_title=\"\" data-rl_caption=\"\" title=\"\"><img decoding=\"async\" src=\"https:\/\/www.leben-atmen.com\/wp-content\/blogs.dir\/4\/files\/2013\/05\/20130526-114340.jpg\" alt=\"20130526-114340.jpg\" class=\"alignnone size-full\" \/><\/a><\/p>\n","protected":false},"excerpt":{"rendered":"<p>Knapp eine Woche vor dem Start, haben wir nun unsere Taschen vorbereitet und sie mit dem m\u00f6glichen Inhalten zu bepacken. Wer schon einmal eine Radtour unternommen hat, wei\u00df, wie wenig man in der Summe tats\u00e4chlich mitnehmen kann. Wir haben von &hellip; <a href=\"https:\/\/www.leben-atmen.com\/palermo\/2013\/05\/26\/testbepackung\/\">Weiterlesen <span class=\"meta-nav\">&rarr;<\/span><\/a><\/p>\n","protected":false},"author":3,"featured_media":0,"comment_status":"open","ping_status":"open","sticky":false,"template":"","format":"standard","meta":{"_jetpack_memberships_contains_paid_content":false,"footnotes":""},"categories":[1],"tags":[],"class_list":["post-241","post","type-post","status-publish","format-standard","hentry","category-allgemein"],"jetpack_featured_media_url":"","jetpack_sharing_enabled":true,"_links":{"self":[{"href":"https:\/\/www.leben-atmen.com\/palermo\/wp-json\/wp\/v2\/posts\/241","targetHints":{"allow":["GET"]}}],"collection":[{"href":"https:\/\/www.leben-atmen.com\/palermo\/wp-json\/wp\/v2\/posts"}],"about":[{"href":"https:\/\/www.leben-atmen.com\/palermo\/wp-json\/wp\/v2\/types\/post"}],"author":[{"embeddable":true,"href":"https:\/\/www.leben-atmen.com\/palermo\/wp-json\/wp\/v2\/users\/3"}],"replies":[{"embeddable":true,"href":"https:\/\/www.leben-atmen.com\/palermo\/wp-json\/wp\/v2\/comments?post=241"}],"version-history":[{"count":0,"href":"https:\/\/www.leben-atmen.com\/palermo\/wp-json\/wp\/v2\/posts\/241\/revisions"}],"wp:attachment":[{"href":"https:\/\/www.leben-atmen.com\/palermo\/wp-json\/wp\/v2\/media?parent=241"}],"wp:term":[{"taxonomy":"category","embeddable":true,"href":"https:\/\/www.leben-atmen.com\/palermo\/wp-json\/wp\/v2\/categories?post=241"},{"taxonomy":"post_tag","embeddable":true,"href":"https:\/\/www.leben-atmen.com\/palermo\/wp-json\/wp\/v2\/tags?post=241"}],"curies":[{"name":"wp","href":"https:\/\/api.w.org\/{rel}","templated":true}]}}