{"id":203,"date":"2013-05-03T16:20:45","date_gmt":"2013-05-03T16:20:45","guid":{"rendered":"https:\/\/www.leben-atmen.com\/palermo\/?p=203"},"modified":"2013-05-03T16:20:45","modified_gmt":"2013-05-03T16:20:45","slug":"noch-3-wochen","status":"publish","type":"post","link":"https:\/\/www.leben-atmen.com\/palermo\/2013\/05\/03\/noch-3-wochen\/","title":{"rendered":"Noch 3 Wochen"},"content":{"rendered":"<p>Dann wollen wir starten. Schwierigkeiten macht uns zusehends das Wetter: Wir m\u00fcssten und sollten trainieren. Aber es ist mit dem kalten Ostwind und h\u00e4ufigem Niederschlag schlichtweg kaum m\u00f6glich.<\/p>\n<p>Aber immerhin sind die R\u00e4der top-gepflegt und unsere Ausr\u00fcstung ist komplett und startklar.<\/p>\n","protected":false},"excerpt":{"rendered":"<p>Dann wollen wir starten. Schwierigkeiten macht uns zusehends das Wetter: Wir m\u00fcssten und sollten trainieren. Aber es ist mit dem kalten Ostwind und h\u00e4ufigem Niederschlag schlichtweg kaum m\u00f6glich. Aber immerhin sind die R\u00e4der top-gepflegt und unsere Ausr\u00fcstung ist komplett und &hellip; <a href=\"https:\/\/www.leben-atmen.com\/palermo\/2013\/05\/03\/noch-3-wochen\/\">Weiterlesen <span class=\"meta-nav\">&rarr;<\/span><\/a><\/p>\n","protected":false},"author":3,"featured_media":0,"comment_status":"open","ping_status":"open","sticky":false,"template":"","format":"standard","meta":{"_jetpack_memberships_contains_paid_content":false,"footnotes":""},"categories":[1],"tags":[],"class_list":["post-203","post","type-post","status-publish","format-standard","hentry","category-allgemein"],"jetpack_featured_media_url":"","jetpack_sharing_enabled":true,"_links":{"self":[{"href":"https:\/\/www.leben-atmen.com\/palermo\/wp-json\/wp\/v2\/posts\/203","targetHints":{"allow":["GET"]}}],"collection":[{"href":"https:\/\/www.leben-atmen.com\/palermo\/wp-json\/wp\/v2\/posts"}],"about":[{"href":"https:\/\/www.leben-atmen.com\/palermo\/wp-json\/wp\/v2\/types\/post"}],"author":[{"embeddable":true,"href":"https:\/\/www.leben-atmen.com\/palermo\/wp-json\/wp\/v2\/users\/3"}],"replies":[{"embeddable":true,"href":"https:\/\/www.leben-atmen.com\/palermo\/wp-json\/wp\/v2\/comments?post=203"}],"version-history":[{"count":2,"href":"https:\/\/www.leben-atmen.com\/palermo\/wp-json\/wp\/v2\/posts\/203\/revisions"}],"predecessor-version":[{"id":204,"href":"https:\/\/www.leben-atmen.com\/palermo\/wp-json\/wp\/v2\/posts\/203\/revisions\/204"}],"wp:attachment":[{"href":"https:\/\/www.leben-atmen.com\/palermo\/wp-json\/wp\/v2\/media?parent=203"}],"wp:term":[{"taxonomy":"category","embeddable":true,"href":"https:\/\/www.leben-atmen.com\/palermo\/wp-json\/wp\/v2\/categories?post=203"},{"taxonomy":"post_tag","embeddable":true,"href":"https:\/\/www.leben-atmen.com\/palermo\/wp-json\/wp\/v2\/tags?post=203"}],"curies":[{"name":"wp","href":"https:\/\/api.w.org\/{rel}","templated":true}]}}