{"id":185,"date":"2013-05-02T09:54:45","date_gmt":"2013-05-02T09:54:45","guid":{"rendered":"https:\/\/www.leben-atmen.com\/palermo\/?p=185"},"modified":"2013-05-02T09:54:45","modified_gmt":"2013-05-02T09:54:45","slug":"vorfreude","status":"publish","type":"post","link":"https:\/\/www.leben-atmen.com\/palermo\/2013\/05\/02\/vorfreude\/","title":{"rendered":"Vorfreude :-)"},"content":{"rendered":"<p>In wenigen Tagen starten wir mit unserer Radtour 2013. Nach den Touren des Jahres 2010 mit dem Ziel Istanbul und 2012 mit Marrakesh in Marokko peilen wir diesmal Palermo auf Sizilien an.<\/p>\n<p>Derzeit sind wir oftmals &#8211; sofern es das Wetter zul\u00e4sst &#8211; auf Testtouren in der Umgebung unterwegs. Alles Gep\u00e4ck und sonstige Ausr\u00fcstungsgegenst\u00e4nde werden von uns auf Herz und Nieren getestet.<\/p>\n","protected":false},"excerpt":{"rendered":"<p>In wenigen Tagen starten wir mit unserer Radtour 2013. Nach den Touren des Jahres 2010 mit dem Ziel Istanbul und 2012 mit Marrakesh in Marokko peilen wir diesmal Palermo auf Sizilien an. Derzeit sind wir oftmals &#8211; sofern es das &hellip; <a href=\"https:\/\/www.leben-atmen.com\/palermo\/2013\/05\/02\/vorfreude\/\">Weiterlesen <span class=\"meta-nav\">&rarr;<\/span><\/a><\/p>\n","protected":false},"author":3,"featured_media":0,"comment_status":"open","ping_status":"open","sticky":false,"template":"","format":"standard","meta":{"_jetpack_memberships_contains_paid_content":false,"footnotes":""},"categories":[1],"tags":[],"class_list":["post-185","post","type-post","status-publish","format-standard","hentry","category-allgemein"],"jetpack_featured_media_url":"","jetpack_sharing_enabled":true,"_links":{"self":[{"href":"https:\/\/www.leben-atmen.com\/palermo\/wp-json\/wp\/v2\/posts\/185","targetHints":{"allow":["GET"]}}],"collection":[{"href":"https:\/\/www.leben-atmen.com\/palermo\/wp-json\/wp\/v2\/posts"}],"about":[{"href":"https:\/\/www.leben-atmen.com\/palermo\/wp-json\/wp\/v2\/types\/post"}],"author":[{"embeddable":true,"href":"https:\/\/www.leben-atmen.com\/palermo\/wp-json\/wp\/v2\/users\/3"}],"replies":[{"embeddable":true,"href":"https:\/\/www.leben-atmen.com\/palermo\/wp-json\/wp\/v2\/comments?post=185"}],"version-history":[{"count":1,"href":"https:\/\/www.leben-atmen.com\/palermo\/wp-json\/wp\/v2\/posts\/185\/revisions"}],"predecessor-version":[{"id":186,"href":"https:\/\/www.leben-atmen.com\/palermo\/wp-json\/wp\/v2\/posts\/185\/revisions\/186"}],"wp:attachment":[{"href":"https:\/\/www.leben-atmen.com\/palermo\/wp-json\/wp\/v2\/media?parent=185"}],"wp:term":[{"taxonomy":"category","embeddable":true,"href":"https:\/\/www.leben-atmen.com\/palermo\/wp-json\/wp\/v2\/categories?post=185"},{"taxonomy":"post_tag","embeddable":true,"href":"https:\/\/www.leben-atmen.com\/palermo\/wp-json\/wp\/v2\/tags?post=185"}],"curies":[{"name":"wp","href":"https:\/\/api.w.org\/{rel}","templated":true}]}}