{"id":1268,"date":"2013-08-07T07:24:58","date_gmt":"2013-08-07T07:24:58","guid":{"rendered":"https:\/\/www.leben-atmen.com\/palermo\/?p=1268"},"modified":"2013-08-07T07:24:58","modified_gmt":"2013-08-07T07:24:58","slug":"heute-ist-der-grose-tag","status":"publish","type":"post","link":"https:\/\/www.leben-atmen.com\/palermo\/2013\/08\/07\/heute-ist-der-grose-tag\/","title":{"rendered":"Heute ist der gro\u00dfe Tag"},"content":{"rendered":"<p>Hallo und Guten Morgen! Wir melden uns mit guten Neuigkeiten.<\/p>\n<p>Mit dem Spendenkontostand von genau \u20ac 5807,50 konnten wir das Fahrrad f\u00fcr Ralf bestellen, sowie Helme und medizinisches Zubeh\u00f6r. Das Fahrrad wird heute ausgeliefert.<\/p>\n<p>Wir, Bea, Toni und ich, werden es aus Augsburg holen und erst einmal alles ausprobieren, wie das ganze funktioniert, damit Ralf letzten Endes auch nichts passiert und wir ihn souver\u00e4n einweisen k\u00f6nnen. Dann werden wir am Nachmittag eine Runde zu viert zu einem Pressetermin fahren. Heute werden wir noch ein paarmal von unserem Tag berichten.<\/p>\n<p>Seid also noch einmal live dabei und genie\u00dft mit uns den gro\u00dfen Tag, der ohne Euch nicht stattfinden h\u00e4tte k\u00f6nnen! Vorab noch einmal ein riesengro\u00dfes Dankesch\u00f6n an alle, die gespendet haben!<\/p>\n","protected":false},"excerpt":{"rendered":"<p>Hallo und Guten Morgen! Wir melden uns mit guten Neuigkeiten. Mit dem Spendenkontostand von genau \u20ac 5807,50 konnten wir das Fahrrad f\u00fcr Ralf bestellen, sowie Helme und medizinisches Zubeh\u00f6r. Das Fahrrad wird heute ausgeliefert. Wir, Bea, Toni und ich, werden &hellip; <a href=\"https:\/\/www.leben-atmen.com\/palermo\/2013\/08\/07\/heute-ist-der-grose-tag\/\">Weiterlesen <span class=\"meta-nav\">&rarr;<\/span><\/a><\/p>\n","protected":false},"author":2,"featured_media":0,"comment_status":"open","ping_status":"open","sticky":false,"template":"","format":"standard","meta":{"_jetpack_memberships_contains_paid_content":false,"footnotes":""},"categories":[1],"tags":[],"class_list":["post-1268","post","type-post","status-publish","format-standard","hentry","category-allgemein"],"jetpack_featured_media_url":"","jetpack_sharing_enabled":true,"_links":{"self":[{"href":"https:\/\/www.leben-atmen.com\/palermo\/wp-json\/wp\/v2\/posts\/1268","targetHints":{"allow":["GET"]}}],"collection":[{"href":"https:\/\/www.leben-atmen.com\/palermo\/wp-json\/wp\/v2\/posts"}],"about":[{"href":"https:\/\/www.leben-atmen.com\/palermo\/wp-json\/wp\/v2\/types\/post"}],"author":[{"embeddable":true,"href":"https:\/\/www.leben-atmen.com\/palermo\/wp-json\/wp\/v2\/users\/2"}],"replies":[{"embeddable":true,"href":"https:\/\/www.leben-atmen.com\/palermo\/wp-json\/wp\/v2\/comments?post=1268"}],"version-history":[{"count":1,"href":"https:\/\/www.leben-atmen.com\/palermo\/wp-json\/wp\/v2\/posts\/1268\/revisions"}],"predecessor-version":[{"id":1269,"href":"https:\/\/www.leben-atmen.com\/palermo\/wp-json\/wp\/v2\/posts\/1268\/revisions\/1269"}],"wp:attachment":[{"href":"https:\/\/www.leben-atmen.com\/palermo\/wp-json\/wp\/v2\/media?parent=1268"}],"wp:term":[{"taxonomy":"category","embeddable":true,"href":"https:\/\/www.leben-atmen.com\/palermo\/wp-json\/wp\/v2\/categories?post=1268"},{"taxonomy":"post_tag","embeddable":true,"href":"https:\/\/www.leben-atmen.com\/palermo\/wp-json\/wp\/v2\/tags?post=1268"}],"curies":[{"name":"wp","href":"https:\/\/api.w.org\/{rel}","templated":true}]}}