{"id":1259,"date":"2013-07-18T17:47:16","date_gmt":"2013-07-18T17:47:16","guid":{"rendered":"https:\/\/www.leben-atmen.com\/palermo\/?p=1259"},"modified":"2013-07-18T17:47:16","modified_gmt":"2013-07-18T17:47:16","slug":"spendenkontostand-ralf-und-mehr","status":"publish","type":"post","link":"https:\/\/www.leben-atmen.com\/palermo\/2013\/07\/18\/spendenkontostand-ralf-und-mehr\/","title":{"rendered":"Spendenkontostand, Ralf und mehr"},"content":{"rendered":"<p>Ihr Lieben!<\/p>\n<p>Wir m\u00f6chten als Letztes noch den aktuellen Spendenkontostand durchgeben:<\/p>\n<p>Wenn man die gewonnene Auktion Peppone von &#8222;zammer&#8220; \u20ac 150.\u2013<\/p>\n<p>und den noch eingehenden Betrag von G\u00fcnter und Ulrike \u20ac 150.\u2013 dazuz\u00e4hlt,<\/p>\n<p>ist der Betrag auf \u20ac\u00a04.507,50\u00a0 angewachsen.<\/p>\n<p>Wer noch spenden m\u00f6chte, kann das gerne tun und zwar auf das Spendenkonto: &#8222;Ein Rad f\u00fcr Ralf&#8220;, Kto 1000 429 945, BLZ 720 690 05, Raiffeisenbank Aindling.<\/p>\n<p>Was passiert nun mit Eurem Geld? Wir k\u00fcmmern uns n\u00e4chste Woche um die Bestellung des Fahrrads und wir werden Euch dann auf alle F\u00e4lle Bilder mit Ralf in diese App bzw. auf den Blog posten. Allerdings wird dies ca. drei Wochen dauern.<\/p>\n<p>Vorab bedankt sich Ralf pers\u00f6nlich bei Euch, er wird das letzte Wort haben.<\/p>\n<p>Eine letzte Bitte haben wir aber noch: K\u00f6nnt Ihr, sofern Ihr die iPhone und iPad-App toll gefunden habt, im AppStore eine Bewertung &#8211; am besten mit <a title=\"bewertung\" href=\"https:\/\/itunes.apple.com\/de\/app\/leben-atmen-palermo\/id643572066?mt=8\" target=\"_blank\">Rezension<\/a> abgeben. Das w\u00e4re gro\u00dfartig und w\u00fcrde uns riesig freuen \ud83d\ude42<\/p>\n<p><a title=\"bewertung app\" href=\"https:\/\/itunes.apple.com\/de\/app\/leben-atmen-palermo\/id643572066?mt=8\" target=\"_blank\">https:\/\/itunes.apple.com\/de\/app\/leben-atmen-palermo\/id643572066?mt=8<\/a><\/p>\n<p>Danke, dass Ihr alle dabei gewesen seid und freuen uns auf Eure rege Teilnahme, wenn es 2014 wieder hei\u00dft: Leben atmen!<\/p>\n<p>Simone und Toni mit Ralf und Bea<\/p>\n<p><video width=\"320\" height=\"240\" src=\"https:\/\/www.leben-atmen.com\/wp-content\/blogs.dir\/4\/files\/2013\/07\/ralf_danke.mov\" controls=\"controls\"><\/video><\/p>\n","protected":false},"excerpt":{"rendered":"<p>Ihr Lieben! Wir m\u00f6chten als Letztes noch den aktuellen Spendenkontostand durchgeben: Wenn man die gewonnene Auktion Peppone von &#8222;zammer&#8220; \u20ac 150.\u2013 und den noch eingehenden Betrag von G\u00fcnter und Ulrike \u20ac 150.\u2013 dazuz\u00e4hlt, ist der Betrag auf \u20ac\u00a04.507,50\u00a0 angewachsen. Wer &hellip; <a href=\"https:\/\/www.leben-atmen.com\/palermo\/2013\/07\/18\/spendenkontostand-ralf-und-mehr\/\">Weiterlesen <span class=\"meta-nav\">&rarr;<\/span><\/a><\/p>\n","protected":false},"author":2,"featured_media":0,"comment_status":"open","ping_status":"open","sticky":false,"template":"","format":"standard","meta":{"_jetpack_memberships_contains_paid_content":false,"footnotes":""},"categories":[1],"tags":[],"class_list":["post-1259","post","type-post","status-publish","format-standard","hentry","category-allgemein"],"jetpack_featured_media_url":"","jetpack_sharing_enabled":true,"_links":{"self":[{"href":"https:\/\/www.leben-atmen.com\/palermo\/wp-json\/wp\/v2\/posts\/1259","targetHints":{"allow":["GET"]}}],"collection":[{"href":"https:\/\/www.leben-atmen.com\/palermo\/wp-json\/wp\/v2\/posts"}],"about":[{"href":"https:\/\/www.leben-atmen.com\/palermo\/wp-json\/wp\/v2\/types\/post"}],"author":[{"embeddable":true,"href":"https:\/\/www.leben-atmen.com\/palermo\/wp-json\/wp\/v2\/users\/2"}],"replies":[{"embeddable":true,"href":"https:\/\/www.leben-atmen.com\/palermo\/wp-json\/wp\/v2\/comments?post=1259"}],"version-history":[{"count":2,"href":"https:\/\/www.leben-atmen.com\/palermo\/wp-json\/wp\/v2\/posts\/1259\/revisions"}],"predecessor-version":[{"id":1261,"href":"https:\/\/www.leben-atmen.com\/palermo\/wp-json\/wp\/v2\/posts\/1259\/revisions\/1261"}],"wp:attachment":[{"href":"https:\/\/www.leben-atmen.com\/palermo\/wp-json\/wp\/v2\/media?parent=1259"}],"wp:term":[{"taxonomy":"category","embeddable":true,"href":"https:\/\/www.leben-atmen.com\/palermo\/wp-json\/wp\/v2\/categories?post=1259"},{"taxonomy":"post_tag","embeddable":true,"href":"https:\/\/www.leben-atmen.com\/palermo\/wp-json\/wp\/v2\/tags?post=1259"}],"curies":[{"name":"wp","href":"https:\/\/api.w.org\/{rel}","templated":true}]}}