{"id":1249,"date":"2013-07-18T14:43:05","date_gmt":"2013-07-18T14:43:05","guid":{"rendered":"https:\/\/www.leben-atmen.com\/palermo\/?p=1249"},"modified":"2013-07-18T14:43:05","modified_gmt":"2013-07-18T14:43:05","slug":"wir-sind-da","status":"publish","type":"post","link":"https:\/\/www.leben-atmen.com\/palermo\/2013\/07\/18\/wir-sind-da\/","title":{"rendered":"Wir sind da!!"},"content":{"rendered":"<p>Nach sechs Wochen und drei Tagen haben wir unser Ziel, Palermo erreicht. Wir sind stolz, und \u00fcbergl\u00fccklich. Es ist nichts passiert, und dar\u00fcber sind wir sehr froh!<\/p>\n<p><a href=\"https:\/\/www.leben-atmen.com\/wp-content\/blogs.dir\/4\/files\/2013\/07\/20130718-164252.jpg\" data-rel=\"lightbox-image-0\" data-rl_title=\"\" data-rl_caption=\"\" title=\"\"><img decoding=\"async\" src=\"https:\/\/www.leben-atmen.com\/wp-content\/blogs.dir\/4\/files\/2013\/07\/20130718-164252.jpg\" alt=\"20130718-164252.jpg\" class=\"alignnone size-full\" \/><\/a><\/p>\n","protected":false},"excerpt":{"rendered":"<p>Nach sechs Wochen und drei Tagen haben wir unser Ziel, Palermo erreicht. Wir sind stolz, und \u00fcbergl\u00fccklich. Es ist nichts passiert, und dar\u00fcber sind wir sehr froh!<\/p>\n","protected":false},"author":2,"featured_media":0,"comment_status":"open","ping_status":"open","sticky":false,"template":"","format":"standard","meta":{"_jetpack_memberships_contains_paid_content":false,"footnotes":""},"categories":[1],"tags":[],"class_list":["post-1249","post","type-post","status-publish","format-standard","hentry","category-allgemein"],"jetpack_featured_media_url":"","jetpack_sharing_enabled":true,"_links":{"self":[{"href":"https:\/\/www.leben-atmen.com\/palermo\/wp-json\/wp\/v2\/posts\/1249","targetHints":{"allow":["GET"]}}],"collection":[{"href":"https:\/\/www.leben-atmen.com\/palermo\/wp-json\/wp\/v2\/posts"}],"about":[{"href":"https:\/\/www.leben-atmen.com\/palermo\/wp-json\/wp\/v2\/types\/post"}],"author":[{"embeddable":true,"href":"https:\/\/www.leben-atmen.com\/palermo\/wp-json\/wp\/v2\/users\/2"}],"replies":[{"embeddable":true,"href":"https:\/\/www.leben-atmen.com\/palermo\/wp-json\/wp\/v2\/comments?post=1249"}],"version-history":[{"count":0,"href":"https:\/\/www.leben-atmen.com\/palermo\/wp-json\/wp\/v2\/posts\/1249\/revisions"}],"wp:attachment":[{"href":"https:\/\/www.leben-atmen.com\/palermo\/wp-json\/wp\/v2\/media?parent=1249"}],"wp:term":[{"taxonomy":"category","embeddable":true,"href":"https:\/\/www.leben-atmen.com\/palermo\/wp-json\/wp\/v2\/categories?post=1249"},{"taxonomy":"post_tag","embeddable":true,"href":"https:\/\/www.leben-atmen.com\/palermo\/wp-json\/wp\/v2\/tags?post=1249"}],"curies":[{"name":"wp","href":"https:\/\/api.w.org\/{rel}","templated":true}]}}