{"id":1225,"date":"2013-07-17T15:38:00","date_gmt":"2013-07-17T15:38:00","guid":{"rendered":"https:\/\/www.leben-atmen.com\/palermo\/?p=1225"},"modified":"2013-07-17T15:38:00","modified_gmt":"2013-07-17T15:38:00","slug":"jeder-tag-ein-eigener-kosmos","status":"publish","type":"post","link":"https:\/\/www.leben-atmen.com\/palermo\/2013\/07\/17\/jeder-tag-ein-eigener-kosmos\/","title":{"rendered":"Jeder Tag ein eigener Kosmos"},"content":{"rendered":"<p>&#8222;Die sind ja schon am Ziel, die Ochsenk\u00fchns&#8220;, so denkt vielleicht manch einer, der unsere GPS-Daten ansieht, sind wir doch ganz nah dran an Palermo. Ein Kommentator schrieb vor einer Woche: &#8222;Jetzt ist es ja nicht mehr weit!&#8220; Oder ein anderer: &#8222;Zielgerade eingetroffen&#8220;.<br \/>\nDer Mensch denkt in Autogeschwindigkeit. Da sind 500 Kilometer ein Klacks, man f\u00e4hrts in ein paar Stunden, schon ist man da. Auch sind 100 Kilometer heute in Deutschland eine l\u00e4cherliche Autostunde. Beim Radfahren aber bedeuten 100 Kilometer einen endlos langen Radeltag, mitunter mit Steigungen, die zeitaufwendig gestrampelt werden m\u00fcssen. Manchmal schafft man nur die H\u00e4lfte, weil 1000 H\u00f6henmeter die Strecke unberechenbar machen. Da bleibt man mal f\u00fcr ein Foto stehen, schon sind f\u00fcnf Minuten weg, die man radeln h\u00e4tte k\u00f6nnen.<br \/>\nJeder Tag mit Fahrrad ist ein eigener Kosmos, keiner ist gleich, jeder ist lang, voller Eindr\u00fccke, voller k\u00f6rperlicher Anstrengung, manchmal auch Frust \u00fcber Gegenwind, Hitze oder Verkehr, aber auch voll Freude an der Natur, an sich selbst, am Fahrradfahren.<br \/>\nDa schmeckt Abends die Pizza und der Wein, man hat das Gef\u00fchl, man hat es wirklich verdient. Da ist ein Gespr\u00e4ch mit einem alten Mann in der Bar doppelt so viel wert, wie wenn man eine Pause mit dem Auto einlegt und ihn treffen w\u00fcrde. Man ist ja da, in der Bar, nicht mit dem Kopf noch auf der Stra\u00dfe.<br \/>\nSo ist auch der vorletzte und der letzte Tag f\u00fcr uns ein eigenst\u00e4ndiges langes Lebensereignis. Man ist nicht &#8222;gleich da&#8220;. Es dauert einen Tag und noch einen und noch einen. So ist auch der morgige Tag ein Tag f\u00fcr sich. Wir m\u00fcssen aufpassen, dass nichts passiert, auch nicht auf dem allerletzten Kilometer. Aber dann, ja dann, wenn wir angekommen sind, dann ist der Adrenalinspiegel hoch und die Freude riesengro\u00df!<\/p>\n<p><a href=\"https:\/\/www.leben-atmen.com\/wp-content\/blogs.dir\/4\/files\/2013\/07\/Radeln.jpg\" data-rel=\"lightbox-image-0\" data-rl_title=\"\" data-rl_caption=\"\" title=\"\"><img decoding=\"async\" class=\"alignnone size-full\" alt=\"\" src=\"https:\/\/www.leben-atmen.com\/wp-content\/blogs.dir\/4\/files\/2013\/07\/Radeln.jpg\" \/><\/a><\/p>\n","protected":false},"excerpt":{"rendered":"<p>&#8222;Die sind ja schon am Ziel, die Ochsenk\u00fchns&#8220;, so denkt vielleicht manch einer, der unsere GPS-Daten ansieht, sind wir doch ganz nah dran an Palermo. Ein Kommentator schrieb vor einer Woche: &#8222;Jetzt ist es ja nicht mehr weit!&#8220; Oder ein &hellip; <a href=\"https:\/\/www.leben-atmen.com\/palermo\/2013\/07\/17\/jeder-tag-ein-eigener-kosmos\/\">Weiterlesen <span class=\"meta-nav\">&rarr;<\/span><\/a><\/p>\n","protected":false},"author":2,"featured_media":0,"comment_status":"open","ping_status":"open","sticky":false,"template":"","format":"standard","meta":{"_jetpack_memberships_contains_paid_content":false,"footnotes":""},"categories":[1],"tags":[],"class_list":["post-1225","post","type-post","status-publish","format-standard","hentry","category-allgemein"],"jetpack_featured_media_url":"","jetpack_sharing_enabled":true,"_links":{"self":[{"href":"https:\/\/www.leben-atmen.com\/palermo\/wp-json\/wp\/v2\/posts\/1225","targetHints":{"allow":["GET"]}}],"collection":[{"href":"https:\/\/www.leben-atmen.com\/palermo\/wp-json\/wp\/v2\/posts"}],"about":[{"href":"https:\/\/www.leben-atmen.com\/palermo\/wp-json\/wp\/v2\/types\/post"}],"author":[{"embeddable":true,"href":"https:\/\/www.leben-atmen.com\/palermo\/wp-json\/wp\/v2\/users\/2"}],"replies":[{"embeddable":true,"href":"https:\/\/www.leben-atmen.com\/palermo\/wp-json\/wp\/v2\/comments?post=1225"}],"version-history":[{"count":1,"href":"https:\/\/www.leben-atmen.com\/palermo\/wp-json\/wp\/v2\/posts\/1225\/revisions"}],"predecessor-version":[{"id":1227,"href":"https:\/\/www.leben-atmen.com\/palermo\/wp-json\/wp\/v2\/posts\/1225\/revisions\/1227"}],"wp:attachment":[{"href":"https:\/\/www.leben-atmen.com\/palermo\/wp-json\/wp\/v2\/media?parent=1225"}],"wp:term":[{"taxonomy":"category","embeddable":true,"href":"https:\/\/www.leben-atmen.com\/palermo\/wp-json\/wp\/v2\/categories?post=1225"},{"taxonomy":"post_tag","embeddable":true,"href":"https:\/\/www.leben-atmen.com\/palermo\/wp-json\/wp\/v2\/tags?post=1225"}],"curies":[{"name":"wp","href":"https:\/\/api.w.org\/{rel}","templated":true}]}}