{"id":1206,"date":"2013-07-16T13:20:50","date_gmt":"2013-07-16T13:20:50","guid":{"rendered":"https:\/\/www.leben-atmen.com\/palermo\/?p=1206"},"modified":"2013-07-16T13:20:50","modified_gmt":"2013-07-16T13:20:50","slug":"unsere-aussicht-von-cerami","status":"publish","type":"post","link":"https:\/\/www.leben-atmen.com\/palermo\/2013\/07\/16\/unsere-aussicht-von-cerami\/","title":{"rendered":"Unsere Aussicht von Cerami"},"content":{"rendered":"<p>Mittlerweile haben wir uns schon einige Kilometer vom Vulkan entfernt. Wir fahren in h\u00fcgeliger Landschaft und haben wundersch\u00f6ne Ausblicke auf die Umgebung.<br \/>\nLeider l\u00e4sst sich das Zirpen der Grillen, das angenehme L\u00fcftchen und der gute Duft nicht \u00fcbertragen. <\/p>\n<p><a href=\"https:\/\/www.leben-atmen.com\/wp-content\/blogs.dir\/4\/files\/2013\/07\/20130716-152044.jpg\" data-rel=\"lightbox-image-0\" data-rl_title=\"\" data-rl_caption=\"\" title=\"\"><img decoding=\"async\" src=\"https:\/\/www.leben-atmen.com\/wp-content\/blogs.dir\/4\/files\/2013\/07\/20130716-152044.jpg\" alt=\"20130716-152044.jpg\" class=\"alignnone size-full\" \/><\/a><\/p>\n","protected":false},"excerpt":{"rendered":"<p>Mittlerweile haben wir uns schon einige Kilometer vom Vulkan entfernt. Wir fahren in h\u00fcgeliger Landschaft und haben wundersch\u00f6ne Ausblicke auf die Umgebung. Leider l\u00e4sst sich das Zirpen der Grillen, das angenehme L\u00fcftchen und der gute Duft nicht \u00fcbertragen.<\/p>\n","protected":false},"author":3,"featured_media":0,"comment_status":"open","ping_status":"open","sticky":false,"template":"","format":"standard","meta":{"_jetpack_memberships_contains_paid_content":false,"footnotes":""},"categories":[1],"tags":[],"class_list":["post-1206","post","type-post","status-publish","format-standard","hentry","category-allgemein"],"jetpack_featured_media_url":"","jetpack_sharing_enabled":true,"_links":{"self":[{"href":"https:\/\/www.leben-atmen.com\/palermo\/wp-json\/wp\/v2\/posts\/1206","targetHints":{"allow":["GET"]}}],"collection":[{"href":"https:\/\/www.leben-atmen.com\/palermo\/wp-json\/wp\/v2\/posts"}],"about":[{"href":"https:\/\/www.leben-atmen.com\/palermo\/wp-json\/wp\/v2\/types\/post"}],"author":[{"embeddable":true,"href":"https:\/\/www.leben-atmen.com\/palermo\/wp-json\/wp\/v2\/users\/3"}],"replies":[{"embeddable":true,"href":"https:\/\/www.leben-atmen.com\/palermo\/wp-json\/wp\/v2\/comments?post=1206"}],"version-history":[{"count":0,"href":"https:\/\/www.leben-atmen.com\/palermo\/wp-json\/wp\/v2\/posts\/1206\/revisions"}],"wp:attachment":[{"href":"https:\/\/www.leben-atmen.com\/palermo\/wp-json\/wp\/v2\/media?parent=1206"}],"wp:term":[{"taxonomy":"category","embeddable":true,"href":"https:\/\/www.leben-atmen.com\/palermo\/wp-json\/wp\/v2\/categories?post=1206"},{"taxonomy":"post_tag","embeddable":true,"href":"https:\/\/www.leben-atmen.com\/palermo\/wp-json\/wp\/v2\/tags?post=1206"}],"curies":[{"name":"wp","href":"https:\/\/api.w.org\/{rel}","templated":true}]}}