{"id":1193,"date":"2013-07-15T19:59:57","date_gmt":"2013-07-15T19:59:57","guid":{"rendered":"https:\/\/www.leben-atmen.com\/palermo\/?p=1193"},"modified":"2013-07-15T19:59:57","modified_gmt":"2013-07-15T19:59:57","slug":"toni","status":"publish","type":"post","link":"https:\/\/www.leben-atmen.com\/palermo\/2013\/07\/15\/toni\/","title":{"rendered":"Toni"},"content":{"rendered":"<p>Vielleicht kommt dieser Beitrag jetzt ein bisschen sp\u00e4t, aber so kurz vor Ende der Reise habe ich doch das Bed\u00fcrfnis, meinen lieben Mann Toni zu loben.<\/p>\n<p>Er ist ein Viech, w\u00fcrde ein Bayer ihn beschreiben. Er hat Energie von f\u00fcnf gstandenen M\u00e4nnern und ist den auto- und motorradfahrenden Gigolos hier und in ganz Europa weit \u00fcberlegen. Mein wahrer Held hat ein rotes Fahrrad, m\u00fcsst ihr Euch vorstellen, er kann die Karten lesen (ist echt nicht selbstverst\u00e4ndlich), wei\u00df mir genau die H\u00f6henmeter und die Kilometer im voraus anzusagen. Wir verfahren uns so gut wie nie. Das einzige, was man aussetzen k\u00f6nnte, plant er die Touren doch f\u00fcr Tonis, und nicht f\u00fcr Ehefrauen mit mittlerem Ehrgeiz.<\/p>\n<p>Aber wenn ich ihn nicht h\u00e4tte, ich h\u00e4tte schon lange geschummelt, mich in eine Bahn gesetzt und daf\u00fcr ein Bad im Meer genommen, wenn ich \u00fcberhaupt so weit gekommen w\u00e4re.<\/p>\n<p>Er ist es, der den Zirkus hier mitmacht. Ich kenne niemanden, der dies wirklich auch tun wollte, auch schon einmal in dieser Form mit seiner Frau getan hat.<\/p>\n<p>Er h\u00e4lt mich bei Launen, wenn ich schlapp auf dem Rad h\u00e4nge, wartet auf mich, wenn er zu weit vorne ist, h\u00e4lt mir die Trinkflasche hin oder baut &#8222;Kussstationen&#8220; auf, die mich motivieren, noch mehr zu geben, weiter zu radeln.<\/p>\n<p>Er h\u00e4lt mein Geschimpfe aus, manchmal heftige Tiraden, bei \u00dcberanstrengung platzt Frau der Kragen und Toni bekommt es richtig ab. Abends ist er ein guter Unterhalter und immer nett zu den Menschen, die ihn unerm\u00fcdlich L\u00f6cher in den Bauch fragen, ich k\u00f6nnte manchen nur die Augen auskratzen.<\/p>\n<p>Ja, mit ihm und keinem anderen scheint so eine (Tor)tour m\u00f6glich. Ich finde ihn einfach nur gro\u00dfartig, meinen Toni.<\/p>\n<p>Am Donnerstag werden wir voraussichtlich in Palermo einlaufen und dann, ja dann habe ich es nicht zuletzt ihm zu verdanken, dass ich so ein tolles Leben habe! Danke Toni, Du bist mein Leben! Ich liebe Dich.<\/p>\n<p><a href=\"https:\/\/www.leben-atmen.com\/wp-content\/blogs.dir\/4\/files\/2013\/07\/Der-Toni.jpg\" data-rel=\"lightbox-image-0\" data-rl_title=\"\" data-rl_caption=\"\" title=\"\"><img decoding=\"async\" class=\"alignnone size-full\" alt=\"\" src=\"https:\/\/www.leben-atmen.com\/wp-content\/blogs.dir\/4\/files\/2013\/07\/Der-Toni.jpg\" \/><\/a><\/p>\n<p>&nbsp;<\/p>\n","protected":false},"excerpt":{"rendered":"<p>Vielleicht kommt dieser Beitrag jetzt ein bisschen sp\u00e4t, aber so kurz vor Ende der Reise habe ich doch das Bed\u00fcrfnis, meinen lieben Mann Toni zu loben. Er ist ein Viech, w\u00fcrde ein Bayer ihn beschreiben. Er hat Energie von f\u00fcnf &hellip; <a href=\"https:\/\/www.leben-atmen.com\/palermo\/2013\/07\/15\/toni\/\">Weiterlesen <span class=\"meta-nav\">&rarr;<\/span><\/a><\/p>\n","protected":false},"author":2,"featured_media":0,"comment_status":"open","ping_status":"open","sticky":false,"template":"","format":"standard","meta":{"_jetpack_memberships_contains_paid_content":false,"footnotes":""},"categories":[1],"tags":[],"class_list":["post-1193","post","type-post","status-publish","format-standard","hentry","category-allgemein"],"jetpack_featured_media_url":"","jetpack_sharing_enabled":true,"_links":{"self":[{"href":"https:\/\/www.leben-atmen.com\/palermo\/wp-json\/wp\/v2\/posts\/1193","targetHints":{"allow":["GET"]}}],"collection":[{"href":"https:\/\/www.leben-atmen.com\/palermo\/wp-json\/wp\/v2\/posts"}],"about":[{"href":"https:\/\/www.leben-atmen.com\/palermo\/wp-json\/wp\/v2\/types\/post"}],"author":[{"embeddable":true,"href":"https:\/\/www.leben-atmen.com\/palermo\/wp-json\/wp\/v2\/users\/2"}],"replies":[{"embeddable":true,"href":"https:\/\/www.leben-atmen.com\/palermo\/wp-json\/wp\/v2\/comments?post=1193"}],"version-history":[{"count":1,"href":"https:\/\/www.leben-atmen.com\/palermo\/wp-json\/wp\/v2\/posts\/1193\/revisions"}],"predecessor-version":[{"id":1195,"href":"https:\/\/www.leben-atmen.com\/palermo\/wp-json\/wp\/v2\/posts\/1193\/revisions\/1195"}],"wp:attachment":[{"href":"https:\/\/www.leben-atmen.com\/palermo\/wp-json\/wp\/v2\/media?parent=1193"}],"wp:term":[{"taxonomy":"category","embeddable":true,"href":"https:\/\/www.leben-atmen.com\/palermo\/wp-json\/wp\/v2\/categories?post=1193"},{"taxonomy":"post_tag","embeddable":true,"href":"https:\/\/www.leben-atmen.com\/palermo\/wp-json\/wp\/v2\/tags?post=1193"}],"curies":[{"name":"wp","href":"https:\/\/api.w.org\/{rel}","templated":true}]}}