{"id":1183,"date":"2013-07-15T12:02:49","date_gmt":"2013-07-15T12:02:49","guid":{"rendered":"https:\/\/www.leben-atmen.com\/palermo\/?p=1183"},"modified":"2013-07-15T12:02:49","modified_gmt":"2013-07-15T12:02:49","slug":"endlich-ein-schild","status":"publish","type":"post","link":"https:\/\/www.leben-atmen.com\/palermo\/2013\/07\/15\/endlich-ein-schild\/","title":{"rendered":"Endlich ein Schild"},"content":{"rendered":"<p>Generell mussten wir feststellen, dass in S\u00fcditalien die Stra\u00dfen deutlich weniger beschildert sind als im Norden. Dies setzt sich nun auch in Sizilien fort. Es gibt kaum eine Stra\u00dfenbeschilderung.<br \/>\nStimmt nicht \u2013 endlich haben wir ein Schild gefunden.<\/p>\n<p><a href=\"https:\/\/www.leben-atmen.com\/wp-content\/blogs.dir\/4\/files\/2013\/07\/20130715-134255.jpg\" data-rel=\"lightbox-image-0\" data-rl_title=\"\" data-rl_caption=\"\" title=\"\"><img decoding=\"async\" src=\"https:\/\/www.leben-atmen.com\/wp-content\/blogs.dir\/4\/files\/2013\/07\/20130715-134255.jpg\" alt=\"20130715-134255.jpg\" class=\"alignnone size-full\" \/><\/a><\/p>\n","protected":false},"excerpt":{"rendered":"<p>Generell mussten wir feststellen, dass in S\u00fcditalien die Stra\u00dfen deutlich weniger beschildert sind als im Norden. Dies setzt sich nun auch in Sizilien fort. Es gibt kaum eine Stra\u00dfenbeschilderung. Stimmt nicht \u2013 endlich haben wir ein Schild gefunden.<\/p>\n","protected":false},"author":3,"featured_media":0,"comment_status":"open","ping_status":"open","sticky":false,"template":"","format":"standard","meta":{"_jetpack_memberships_contains_paid_content":false,"footnotes":""},"categories":[1],"tags":[],"class_list":["post-1183","post","type-post","status-publish","format-standard","hentry","category-allgemein"],"jetpack_featured_media_url":"","jetpack_sharing_enabled":true,"_links":{"self":[{"href":"https:\/\/www.leben-atmen.com\/palermo\/wp-json\/wp\/v2\/posts\/1183","targetHints":{"allow":["GET"]}}],"collection":[{"href":"https:\/\/www.leben-atmen.com\/palermo\/wp-json\/wp\/v2\/posts"}],"about":[{"href":"https:\/\/www.leben-atmen.com\/palermo\/wp-json\/wp\/v2\/types\/post"}],"author":[{"embeddable":true,"href":"https:\/\/www.leben-atmen.com\/palermo\/wp-json\/wp\/v2\/users\/3"}],"replies":[{"embeddable":true,"href":"https:\/\/www.leben-atmen.com\/palermo\/wp-json\/wp\/v2\/comments?post=1183"}],"version-history":[{"count":0,"href":"https:\/\/www.leben-atmen.com\/palermo\/wp-json\/wp\/v2\/posts\/1183\/revisions"}],"wp:attachment":[{"href":"https:\/\/www.leben-atmen.com\/palermo\/wp-json\/wp\/v2\/media?parent=1183"}],"wp:term":[{"taxonomy":"category","embeddable":true,"href":"https:\/\/www.leben-atmen.com\/palermo\/wp-json\/wp\/v2\/categories?post=1183"},{"taxonomy":"post_tag","embeddable":true,"href":"https:\/\/www.leben-atmen.com\/palermo\/wp-json\/wp\/v2\/tags?post=1183"}],"curies":[{"name":"wp","href":"https:\/\/api.w.org\/{rel}","templated":true}]}}