{"id":1134,"date":"2013-07-12T16:22:18","date_gmt":"2013-07-12T16:22:18","guid":{"rendered":"https:\/\/www.leben-atmen.com\/palermo\/?p=1134"},"modified":"2013-07-12T16:22:18","modified_gmt":"2013-07-12T16:22:18","slug":"wir-sind-in-pizzo-c-angekommen","status":"publish","type":"post","link":"https:\/\/www.leben-atmen.com\/palermo\/2013\/07\/12\/wir-sind-in-pizzo-c-angekommen\/","title":{"rendered":"Wir sind in Pizzo C. angekommen"},"content":{"rendered":"<p>Und schon sind uns die ersten Touristen &#8211; deutsche etc. &#8211; \u00fcber den Weg gelaufen. Wo kommen die denn nun auf einmal her?  Ach klar &#8211; vom Flughafen, der ist nur ca. 30 km entfernt. Schon interessant zu sehen, wie ein Flugzeug dann Menschen hierher bringt und da sind Sie nun. Nun Pizzo C. ist keine Sensation &#8211; aber als wir angekommen sind, war jeder freie Platz auf dem zentralen Platz besetzt. So etwas hatten wir nun hunderte Kilometer lang nicht mehr gesehen. Es gibt wohl Fl\u00fcge von Frankfurt, Stuttgart etc. und dann ist es eben ganz einfach &#8211; und vielleicht auch preislich g\u00fcnstig &#8211; hierher zu kommen.<br \/>\nWir haben dennoch in einem B&#038;B mitten in der Altstadt Unterschlupf gefunden und das erste Mal auf der Reise haben wir &#8222;nur&#8220; eine 2G-Internetleitung. Wir sind es schon gewohnt, immer und \u00fcberall 3G und HSUPA zu haben. Aber es wird schon gehen&#8230;.<br \/>\nAch die SS 18 hat uns heute das &#8222;Kraut ausgesch\u00fcttet&#8220;. Wir wollten eigentlich weiter \u00fcber Vibo Valentia auf dieser Strasse bleiben. Aber nach den Erfahrungen des heutigen Tages \u00e4ndern wir unsere Route. Wir bleiben am Meer und fahren \u00fcber Tropea und Nicotera weiter. Das wird wohl h\u00fcgeliger sein, aber hoffentlich ruhiger und mit deutlich weniger Verkehr. Besonders am Nachmittag hatten wir Lastwagen Sto\u00dfstange an Sto\u00dfstange. Gepaart mit Hupen ist das f\u00fcr unsere Nerven nichts.<br \/>\nDabei w\u00e4re es so sch\u00f6n am Meer &#8211; wie das Bild zeigt. Doch es gibt zu wenige alternative ruhige Verkehrswege f\u00fcr Radler. Mal sehen, was dann der morgige Tag bringt.<br \/>\n<a href=\"https:\/\/www.leben-atmen.com\/wp-content\/blogs.dir\/4\/files\/2013\/07\/radl_toni.jpg\" data-rel=\"lightbox-image-0\" data-rl_title=\"\" data-rl_caption=\"\" title=\"\"><img decoding=\"async\" src=\"https:\/\/www.leben-atmen.com\/wp-content\/blogs.dir\/4\/files\/2013\/07\/radl_toni.jpg\" alt=\"\" class=\"alignnone size-full\" \/><\/a><\/p>\n","protected":false},"excerpt":{"rendered":"<p>Und schon sind uns die ersten Touristen &#8211; deutsche etc. &#8211; \u00fcber den Weg gelaufen. Wo kommen die denn nun auf einmal her? Ach klar &#8211; vom Flughafen, der ist nur ca. 30 km entfernt. Schon interessant zu sehen, wie &hellip; <a href=\"https:\/\/www.leben-atmen.com\/palermo\/2013\/07\/12\/wir-sind-in-pizzo-c-angekommen\/\">Weiterlesen <span class=\"meta-nav\">&rarr;<\/span><\/a><\/p>\n","protected":false},"author":3,"featured_media":0,"comment_status":"open","ping_status":"open","sticky":false,"template":"","format":"standard","meta":{"_jetpack_memberships_contains_paid_content":false,"footnotes":""},"categories":[1],"tags":[],"class_list":["post-1134","post","type-post","status-publish","format-standard","hentry","category-allgemein"],"jetpack_featured_media_url":"","jetpack_sharing_enabled":true,"_links":{"self":[{"href":"https:\/\/www.leben-atmen.com\/palermo\/wp-json\/wp\/v2\/posts\/1134","targetHints":{"allow":["GET"]}}],"collection":[{"href":"https:\/\/www.leben-atmen.com\/palermo\/wp-json\/wp\/v2\/posts"}],"about":[{"href":"https:\/\/www.leben-atmen.com\/palermo\/wp-json\/wp\/v2\/types\/post"}],"author":[{"embeddable":true,"href":"https:\/\/www.leben-atmen.com\/palermo\/wp-json\/wp\/v2\/users\/3"}],"replies":[{"embeddable":true,"href":"https:\/\/www.leben-atmen.com\/palermo\/wp-json\/wp\/v2\/comments?post=1134"}],"version-history":[{"count":1,"href":"https:\/\/www.leben-atmen.com\/palermo\/wp-json\/wp\/v2\/posts\/1134\/revisions"}],"predecessor-version":[{"id":1136,"href":"https:\/\/www.leben-atmen.com\/palermo\/wp-json\/wp\/v2\/posts\/1134\/revisions\/1136"}],"wp:attachment":[{"href":"https:\/\/www.leben-atmen.com\/palermo\/wp-json\/wp\/v2\/media?parent=1134"}],"wp:term":[{"taxonomy":"category","embeddable":true,"href":"https:\/\/www.leben-atmen.com\/palermo\/wp-json\/wp\/v2\/categories?post=1134"},{"taxonomy":"post_tag","embeddable":true,"href":"https:\/\/www.leben-atmen.com\/palermo\/wp-json\/wp\/v2\/tags?post=1134"}],"curies":[{"name":"wp","href":"https:\/\/api.w.org\/{rel}","templated":true}]}}