{"id":1133,"date":"2013-07-12T11:36:24","date_gmt":"2013-07-12T11:36:24","guid":{"rendered":"https:\/\/www.leben-atmen.com\/palermo\/?p=1133"},"modified":"2013-07-12T11:36:24","modified_gmt":"2013-07-12T11:36:24","slug":"auf-der-ss-18-sudwarts","status":"publish","type":"post","link":"https:\/\/www.leben-atmen.com\/palermo\/2013\/07\/12\/auf-der-ss-18-sudwarts\/","title":{"rendered":"Auf der SS 18 s\u00fcdw\u00e4rts"},"content":{"rendered":"<p>Wir sausen dahin. Es geht eben mittlerweile mit einem fulminanten R\u00fcckenwind angetrieben weiter s\u00fcdw\u00e4rts. Mit etwa 20-25 km\/h kommen wir gut voran. Wir sind jetzt in der Mittagspause und haben schon 80 km erreicht heute.<br \/>\nAnsonsten gibt es hier wenig zu berichten. Rechts das Meer, wir auf der  SS 18, links daneben das Zuggleis und weiter daneben die Autobahn.<br \/>\nHier muss es wohl sein, wo der Bayer sagt:&#8220; hier ist der Hund verreckt.&#8220;<br \/>\nApropos Hund: die gibt es bisweilen auch. Einige davon eher leblos am Stra\u00dfenrand. Einige noch einige Meter abseits.  Leider gibt es auch die eine und andere Katze, die einen Aufprall mit einem der vielen Autos nicht \u00fcberlebt hat.<br \/>\nJa, und die Camping M\u00e4dels gibt es hier auch. Damit ist diese Gegend hier zu Gen\u00fcge beschrieben.<\/p>\n","protected":false},"excerpt":{"rendered":"<p>Wir sausen dahin. Es geht eben mittlerweile mit einem fulminanten R\u00fcckenwind angetrieben weiter s\u00fcdw\u00e4rts. Mit etwa 20-25 km\/h kommen wir gut voran. Wir sind jetzt in der Mittagspause und haben schon 80 km erreicht heute. Ansonsten gibt es hier wenig &hellip; <a href=\"https:\/\/www.leben-atmen.com\/palermo\/2013\/07\/12\/auf-der-ss-18-sudwarts\/\">Weiterlesen <span class=\"meta-nav\">&rarr;<\/span><\/a><\/p>\n","protected":false},"author":3,"featured_media":0,"comment_status":"open","ping_status":"open","sticky":false,"template":"","format":"standard","meta":{"_jetpack_memberships_contains_paid_content":false,"footnotes":""},"categories":[1],"tags":[],"class_list":["post-1133","post","type-post","status-publish","format-standard","hentry","category-allgemein"],"jetpack_featured_media_url":"","jetpack_sharing_enabled":true,"_links":{"self":[{"href":"https:\/\/www.leben-atmen.com\/palermo\/wp-json\/wp\/v2\/posts\/1133","targetHints":{"allow":["GET"]}}],"collection":[{"href":"https:\/\/www.leben-atmen.com\/palermo\/wp-json\/wp\/v2\/posts"}],"about":[{"href":"https:\/\/www.leben-atmen.com\/palermo\/wp-json\/wp\/v2\/types\/post"}],"author":[{"embeddable":true,"href":"https:\/\/www.leben-atmen.com\/palermo\/wp-json\/wp\/v2\/users\/3"}],"replies":[{"embeddable":true,"href":"https:\/\/www.leben-atmen.com\/palermo\/wp-json\/wp\/v2\/comments?post=1133"}],"version-history":[{"count":0,"href":"https:\/\/www.leben-atmen.com\/palermo\/wp-json\/wp\/v2\/posts\/1133\/revisions"}],"wp:attachment":[{"href":"https:\/\/www.leben-atmen.com\/palermo\/wp-json\/wp\/v2\/media?parent=1133"}],"wp:term":[{"taxonomy":"category","embeddable":true,"href":"https:\/\/www.leben-atmen.com\/palermo\/wp-json\/wp\/v2\/categories?post=1133"},{"taxonomy":"post_tag","embeddable":true,"href":"https:\/\/www.leben-atmen.com\/palermo\/wp-json\/wp\/v2\/tags?post=1133"}],"curies":[{"name":"wp","href":"https:\/\/api.w.org\/{rel}","templated":true}]}}