{"id":1123,"date":"2013-07-11T16:57:26","date_gmt":"2013-07-11T16:57:26","guid":{"rendered":"https:\/\/www.leben-atmen.com\/palermo\/?p=1123"},"modified":"2013-07-11T16:57:26","modified_gmt":"2013-07-11T16:57:26","slug":"marina-acquappessa","status":"publish","type":"post","link":"https:\/\/www.leben-atmen.com\/palermo\/2013\/07\/11\/marina-acquappessa\/","title":{"rendered":"Marina Acquappessa"},"content":{"rendered":"<p>Wenn uns das heute morgen jemand gesagt h\u00e4tte, dass wir hier landen werden, h\u00e4tten wir es wohl kaum geglaubt. Aber im Ernst: Nat\u00fcrlich planen wir unsere Routen &#8211; aber eben nicht exakt. Unsere Richtung ist klar, aber der Weg dahin nicht immer. So wu\u00dften wir, dass die SS 18 direkt am Meer entlangl\u00e4uft, aber nicht, wieviel Verkehr da sein wird. Bis Praia war es auch superruhig und dann kamen die LKWs von Potenza herkommend dazu. Das war dann schon nervig. Aber wir k\u00f6nnen kaums ausweichen, weil zwischen dem Meer und den Bergen verl\u00e4uft unsere Stra\u00dfe. Und die Berge sind nicht ohne: 1400m, 1600, 1800m, knapp 2000m&#8230; Da \u00fcberlegen wir nat\u00fcrlich schon zweimal, ob wir den &#8222;Umweg&#8220; wagen.<br \/>\nNa bislang haben wir es auf der SS 18 ausgehalten und war dann heute aber froh, ein ruhiges B&#038;B direkt im Meer zu finden. Gleich nach der Ankunft war Schwimmen und damit Abk\u00fchlen angesagt &#8211; einfach herrlich.<br \/>\nUnd jetzt beginnt &#8222;die Planung&#8220; f\u00fcr den morgigen Tag: Wir schauen uns die Karten an und legen mal so ungef\u00e4hr die Route fest. Daneben k\u00fcmmern wir uns noch um die E-Mails und die Fotos sowie die GPS-Daten des heutigen Tages.<br \/>\nApropo Bilder: Wir schiessen jeden Tag ca. 100 Fotos &#8211; die besten davon w\u00e4hlen wir aus und geben diese Euch online: http:\/\/www.flickr.com\/photos\/78563425@N04\/sets\/72157633396169256\/<br \/>\nWer iPhone und iPad hat, kann ja direkt auf die Bildergalerie zugreifen.<\/p>\n<p><a href=\"https:\/\/www.leben-atmen.com\/wp-content\/blogs.dir\/4\/files\/2013\/07\/IMG_3948.jpg\" data-rel=\"lightbox-image-0\" data-rl_title=\"\" data-rl_caption=\"\" title=\"\"><img decoding=\"async\" src=\"https:\/\/www.leben-atmen.com\/wp-content\/blogs.dir\/4\/files\/2013\/07\/IMG_3948.jpg\" alt=\"\" class=\"alignnone size-full\" \/><\/a><\/p>\n<p><a href=\"https:\/\/www.leben-atmen.com\/wp-content\/blogs.dir\/4\/files\/2013\/07\/IMG_3963.jpg\" data-rel=\"lightbox-image-1\" data-rl_title=\"\" data-rl_caption=\"\" title=\"\"><img decoding=\"async\" src=\"https:\/\/www.leben-atmen.com\/wp-content\/blogs.dir\/4\/files\/2013\/07\/IMG_3963.jpg\" alt=\"\" class=\"alignnone size-full\" \/><\/a><\/p>\n","protected":false},"excerpt":{"rendered":"<p>Wenn uns das heute morgen jemand gesagt h\u00e4tte, dass wir hier landen werden, h\u00e4tten wir es wohl kaum geglaubt. Aber im Ernst: Nat\u00fcrlich planen wir unsere Routen &#8211; aber eben nicht exakt. Unsere Richtung ist klar, aber der Weg dahin &hellip; <a href=\"https:\/\/www.leben-atmen.com\/palermo\/2013\/07\/11\/marina-acquappessa\/\">Weiterlesen <span class=\"meta-nav\">&rarr;<\/span><\/a><\/p>\n","protected":false},"author":3,"featured_media":0,"comment_status":"open","ping_status":"open","sticky":false,"template":"","format":"standard","meta":{"_jetpack_memberships_contains_paid_content":false,"footnotes":""},"categories":[1],"tags":[],"class_list":["post-1123","post","type-post","status-publish","format-standard","hentry","category-allgemein"],"jetpack_featured_media_url":"","jetpack_sharing_enabled":true,"_links":{"self":[{"href":"https:\/\/www.leben-atmen.com\/palermo\/wp-json\/wp\/v2\/posts\/1123","targetHints":{"allow":["GET"]}}],"collection":[{"href":"https:\/\/www.leben-atmen.com\/palermo\/wp-json\/wp\/v2\/posts"}],"about":[{"href":"https:\/\/www.leben-atmen.com\/palermo\/wp-json\/wp\/v2\/types\/post"}],"author":[{"embeddable":true,"href":"https:\/\/www.leben-atmen.com\/palermo\/wp-json\/wp\/v2\/users\/3"}],"replies":[{"embeddable":true,"href":"https:\/\/www.leben-atmen.com\/palermo\/wp-json\/wp\/v2\/comments?post=1123"}],"version-history":[{"count":1,"href":"https:\/\/www.leben-atmen.com\/palermo\/wp-json\/wp\/v2\/posts\/1123\/revisions"}],"predecessor-version":[{"id":1126,"href":"https:\/\/www.leben-atmen.com\/palermo\/wp-json\/wp\/v2\/posts\/1123\/revisions\/1126"}],"wp:attachment":[{"href":"https:\/\/www.leben-atmen.com\/palermo\/wp-json\/wp\/v2\/media?parent=1123"}],"wp:term":[{"taxonomy":"category","embeddable":true,"href":"https:\/\/www.leben-atmen.com\/palermo\/wp-json\/wp\/v2\/categories?post=1123"},{"taxonomy":"post_tag","embeddable":true,"href":"https:\/\/www.leben-atmen.com\/palermo\/wp-json\/wp\/v2\/tags?post=1123"}],"curies":[{"name":"wp","href":"https:\/\/api.w.org\/{rel}","templated":true}]}}