{"id":1099,"date":"2013-07-10T15:29:45","date_gmt":"2013-07-10T15:29:45","guid":{"rendered":"https:\/\/www.leben-atmen.com\/palermo\/?p=1099"},"modified":"2013-07-10T15:29:45","modified_gmt":"2013-07-10T15:29:45","slug":"in-den-bergen-vor-sapri","status":"publish","type":"post","link":"https:\/\/www.leben-atmen.com\/palermo\/2013\/07\/10\/in-den-bergen-vor-sapri\/","title":{"rendered":"In den Bergen vor Sapri"},"content":{"rendered":"<p>Sieht es aus wie bei uns im November. Es hat stark geregnet und wir mussten \u00fcber 1 Stunde Pause machen. Jetzt h\u00e4ngen die Wolken noch in den Bergen. Es sieht richtig d\u00fcster aus. Schon interessant, denn vor wenigen Metern am Meer war es noch herrlicher Sommer.<\/p>\n<p><a href=\"https:\/\/www.leben-atmen.com\/wp-content\/blogs.dir\/4\/files\/2013\/07\/20130710-172935.jpg\" data-rel=\"lightbox-image-0\" data-rl_title=\"\" data-rl_caption=\"\" title=\"\"><img decoding=\"async\" src=\"https:\/\/www.leben-atmen.com\/wp-content\/blogs.dir\/4\/files\/2013\/07\/20130710-172935.jpg\" alt=\"20130710-172935.jpg\" class=\"alignnone size-full\" \/><\/a><\/p>\n","protected":false},"excerpt":{"rendered":"<p>Sieht es aus wie bei uns im November. Es hat stark geregnet und wir mussten \u00fcber 1 Stunde Pause machen. Jetzt h\u00e4ngen die Wolken noch in den Bergen. Es sieht richtig d\u00fcster aus. Schon interessant, denn vor wenigen Metern am &hellip; <a href=\"https:\/\/www.leben-atmen.com\/palermo\/2013\/07\/10\/in-den-bergen-vor-sapri\/\">Weiterlesen <span class=\"meta-nav\">&rarr;<\/span><\/a><\/p>\n","protected":false},"author":3,"featured_media":0,"comment_status":"open","ping_status":"open","sticky":false,"template":"","format":"standard","meta":{"_jetpack_memberships_contains_paid_content":false,"footnotes":""},"categories":[1],"tags":[],"class_list":["post-1099","post","type-post","status-publish","format-standard","hentry","category-allgemein"],"jetpack_featured_media_url":"","jetpack_sharing_enabled":true,"_links":{"self":[{"href":"https:\/\/www.leben-atmen.com\/palermo\/wp-json\/wp\/v2\/posts\/1099","targetHints":{"allow":["GET"]}}],"collection":[{"href":"https:\/\/www.leben-atmen.com\/palermo\/wp-json\/wp\/v2\/posts"}],"about":[{"href":"https:\/\/www.leben-atmen.com\/palermo\/wp-json\/wp\/v2\/types\/post"}],"author":[{"embeddable":true,"href":"https:\/\/www.leben-atmen.com\/palermo\/wp-json\/wp\/v2\/users\/3"}],"replies":[{"embeddable":true,"href":"https:\/\/www.leben-atmen.com\/palermo\/wp-json\/wp\/v2\/comments?post=1099"}],"version-history":[{"count":0,"href":"https:\/\/www.leben-atmen.com\/palermo\/wp-json\/wp\/v2\/posts\/1099\/revisions"}],"wp:attachment":[{"href":"https:\/\/www.leben-atmen.com\/palermo\/wp-json\/wp\/v2\/media?parent=1099"}],"wp:term":[{"taxonomy":"category","embeddable":true,"href":"https:\/\/www.leben-atmen.com\/palermo\/wp-json\/wp\/v2\/categories?post=1099"},{"taxonomy":"post_tag","embeddable":true,"href":"https:\/\/www.leben-atmen.com\/palermo\/wp-json\/wp\/v2\/tags?post=1099"}],"curies":[{"name":"wp","href":"https:\/\/api.w.org\/{rel}","templated":true}]}}