{"id":1087,"date":"2013-07-09T22:14:07","date_gmt":"2013-07-09T22:14:07","guid":{"rendered":"https:\/\/www.leben-atmen.com\/palermo\/?p=1087"},"modified":"2013-07-09T22:14:07","modified_gmt":"2013-07-09T22:14:07","slug":"mit-88-jahren-da-fangt-das-leben-an","status":"publish","type":"post","link":"https:\/\/www.leben-atmen.com\/palermo\/2013\/07\/09\/mit-88-jahren-da-fangt-das-leben-an\/","title":{"rendered":"Mit 88 Jahren, da f\u00e4ngt das Leben an!"},"content":{"rendered":"<p>Heute sind wir in Marina Ascea buchst\u00e4blich gestrandet. Ja und da war diese \u00dcbernachtungsm\u00f6glichkeit, die eigentlich als die Einzige in diesem kleinen Erholungsort sich bot.<\/p>\n<p>Der Sohn schmei\u00dft die Rezeption, die Tochter mit einer Freundin und dem Freund die Animation und Feuerspucker, der Papa und die Mama den Grill und die K\u00fcche, die Br\u00fcder und Schwestern die Bewirtung. Alles ist picobello, drei Jahre alt ist das Haus erst.<\/p>\n<p>Heute Abend haben sie ein Barbecue, offensichtlich f\u00fcr eine Gruppe, die Oliven\u00f6l einkauft. Sie haben uns einen Sonderpreis mit Abendbuffet gegeben und schon sind wir mittendrin und voll dabei!<\/p>\n<p>Ja und Familienoberhaupt, Opa Antonio, 88 Jahre alt, steht mitten im Leben und tanzt! Das nennen wir Familienbetrieb!<\/p>\n<p>&nbsp;<\/p>\n<p><a href=\"https:\/\/www.leben-atmen.com\/wp-content\/blogs.dir\/4\/files\/2013\/07\/antonio-und-anton.jpg\" data-rel=\"lightbox-image-0\" data-rl_title=\"\" data-rl_caption=\"\" title=\"\"><img decoding=\"async\" class=\"alignnone size-full\" alt=\"\" src=\"https:\/\/www.leben-atmen.com\/wp-content\/blogs.dir\/4\/files\/2013\/07\/antonio-und-anton.jpg\" \/><\/a><\/p>\n<p>&nbsp;<\/p>\n","protected":false},"excerpt":{"rendered":"<p>Heute sind wir in Marina Ascea buchst\u00e4blich gestrandet. Ja und da war diese \u00dcbernachtungsm\u00f6glichkeit, die eigentlich als die Einzige in diesem kleinen Erholungsort sich bot. Der Sohn schmei\u00dft die Rezeption, die Tochter mit einer Freundin und dem Freund die Animation &hellip; <a href=\"https:\/\/www.leben-atmen.com\/palermo\/2013\/07\/09\/mit-88-jahren-da-fangt-das-leben-an\/\">Weiterlesen <span class=\"meta-nav\">&rarr;<\/span><\/a><\/p>\n","protected":false},"author":2,"featured_media":0,"comment_status":"open","ping_status":"open","sticky":false,"template":"","format":"standard","meta":{"_jetpack_memberships_contains_paid_content":false,"footnotes":""},"categories":[1],"tags":[],"class_list":["post-1087","post","type-post","status-publish","format-standard","hentry","category-allgemein"],"jetpack_featured_media_url":"","jetpack_sharing_enabled":true,"_links":{"self":[{"href":"https:\/\/www.leben-atmen.com\/palermo\/wp-json\/wp\/v2\/posts\/1087","targetHints":{"allow":["GET"]}}],"collection":[{"href":"https:\/\/www.leben-atmen.com\/palermo\/wp-json\/wp\/v2\/posts"}],"about":[{"href":"https:\/\/www.leben-atmen.com\/palermo\/wp-json\/wp\/v2\/types\/post"}],"author":[{"embeddable":true,"href":"https:\/\/www.leben-atmen.com\/palermo\/wp-json\/wp\/v2\/users\/2"}],"replies":[{"embeddable":true,"href":"https:\/\/www.leben-atmen.com\/palermo\/wp-json\/wp\/v2\/comments?post=1087"}],"version-history":[{"count":1,"href":"https:\/\/www.leben-atmen.com\/palermo\/wp-json\/wp\/v2\/posts\/1087\/revisions"}],"predecessor-version":[{"id":1089,"href":"https:\/\/www.leben-atmen.com\/palermo\/wp-json\/wp\/v2\/posts\/1087\/revisions\/1089"}],"wp:attachment":[{"href":"https:\/\/www.leben-atmen.com\/palermo\/wp-json\/wp\/v2\/media?parent=1087"}],"wp:term":[{"taxonomy":"category","embeddable":true,"href":"https:\/\/www.leben-atmen.com\/palermo\/wp-json\/wp\/v2\/categories?post=1087"},{"taxonomy":"post_tag","embeddable":true,"href":"https:\/\/www.leben-atmen.com\/palermo\/wp-json\/wp\/v2\/tags?post=1087"}],"curies":[{"name":"wp","href":"https:\/\/api.w.org\/{rel}","templated":true}]}}