{"id":1064,"date":"2013-07-08T16:22:50","date_gmt":"2013-07-08T16:22:50","guid":{"rendered":"https:\/\/www.leben-atmen.com\/palermo\/?p=1064"},"modified":"2013-07-08T16:22:50","modified_gmt":"2013-07-08T16:22:50","slug":"die-amalfikuste-macht-mir-heute-keine-ehre","status":"publish","type":"post","link":"https:\/\/www.leben-atmen.com\/palermo\/2013\/07\/08\/die-amalfikuste-macht-mir-heute-keine-ehre\/","title":{"rendered":"Die Amalfik\u00fcste macht mir heute keine Ehre"},"content":{"rendered":"<p>Wie komme ich dazu, so eine \u00dcberschrift zu setzen? Wo doch die Amalfik\u00fcste zum UNESCO-Weltkulturerbe geh\u00f6rt. Und eigentlich, wenn ich die Bilder von heute durchsehe, den Beitrag gerne anders gestalten m\u00f6chte. Aber es war einfach nicht so sch\u00f6n, wie ich es mir vorgestellt hatte.<\/p>\n<p>Woran lags? Tja, also, die Stra\u00dfe war superschmal, Autos hatten M\u00fche, an mir vorbeizufahren, manches Mal musste ich abrupt vom Rad hupfen, damit ich nicht vor dem Auto lande. Kein Platz, nicht f\u00fcr mich, nicht f\u00fcr die wenigen Fu\u00dfg\u00e4nger, die sich auf der gef\u00e4hrlichen Stra\u00dfe aufhielten, um die Aussicht per Pedes zu genie\u00dfen. Es roch, statt wie erwartet, nicht nach Zitronen oder Kr\u00e4utern, sondern nach Abgasen, und das den lieben langen Tag. Natur nur sehen, aber nicht riechen, nicht genie\u00dfen, nicht erfahren? Nix f\u00fcr mich&#8230;<\/p>\n<p>Ich kaufte zwei Pfirsiche f\u00fcr sage und schreibe f\u00fcnf Euro am Stra\u00dfenrand. Vier Euro kostete eine Lemon Soda, das sind Mondpreise f\u00fcr uns tausende doofe Touristen, und das \u00e4rgert mich gleich noch viel mehr.<\/p>\n<p>Von den unz\u00e4hligen Amis wurde ich regelrecht angegafft, &#8222;Look at her, look at her!&#8220; rief eine junge Touristin. Ja schaut alle her, i bin a dumma bayrischer Aff auf am Drahtesl und i foa noch Paleamooo! Oh Mann!<\/p>\n<p>Dazu ging bis 14.00 Uhr kein Wind, es war so schw\u00fcl und qu\u00e4lte mich bei den Auffahrten. Dann, oh Graus, schlug das Wetter p\u00f6tzlich um, es tobte \u00fcber uns ein Gewitter, es regnete, die Stra\u00dfe wurde zur Rutschpartie f\u00fcr die vielen Touritransporte, die es alle eilig hatten, nach Hause zu kommen. Heute bin ich platt, aber nicht von der Anstrengung, sondern eher von meiner mentalen Anspannung, eben nicht in einem von diesen \u2013 wenig vertrauenserweckenden \u2013 Krankenh\u00e4usern in Napoli zu landen.<\/p>\n<p>Eine Frau sagte einmal zu mir: Ungl\u00fccklich machen einen nur die eigenen Erwartungen&#8230;Da hat sie vollkommen Recht. Ich hatte mir zuviel erwartet oder was andres. Nicht, dass diese optisch nicht in Erf\u00fcllung gegangen w\u00e4ren. Aber alles sonst war nicht so toll.<\/p>\n<p>Amalfik\u00fcste ist traumhaft? Aber ja! In einem wei\u00dfen Kleid, mit Sonnenhut und leichten Sch\u00fchchen, auf dem in Leder bezogenen Beifahrersitz des hellen klimatisierten Cabrios, bei einem klaren sonnigen Tag mit leichter Brise, die Hand auf dem Oberschenkel meines Mannes, der f\u00e4hrt, ein italophiles L\u00e4cheln auf den Lippen: Ach Bella Italia &#8230;<\/p>\n<p><a href=\"https:\/\/www.leben-atmen.com\/wp-content\/blogs.dir\/4\/files\/2013\/07\/amalfi3.jpg\" data-rel=\"lightbox-image-0\" data-rl_title=\"\" data-rl_caption=\"\" title=\"\"><img decoding=\"async\" class=\"alignnone size-full\" alt=\"\" src=\"https:\/\/www.leben-atmen.com\/wp-content\/blogs.dir\/4\/files\/2013\/07\/amalfi3.jpg\" \/><\/a> <a href=\"https:\/\/www.leben-atmen.com\/wp-content\/blogs.dir\/4\/files\/2013\/07\/amalfi4.jpg\" data-rel=\"lightbox-image-1\" data-rl_title=\"\" data-rl_caption=\"\" title=\"\"><img decoding=\"async\" class=\"alignnone size-full\" alt=\"\" src=\"https:\/\/www.leben-atmen.com\/wp-content\/blogs.dir\/4\/files\/2013\/07\/amalfi4.jpg\" \/><\/a> <a href=\"https:\/\/www.leben-atmen.com\/wp-content\/blogs.dir\/4\/files\/2013\/07\/amalfi5.jpg\" data-rel=\"lightbox-image-2\" data-rl_title=\"\" data-rl_caption=\"\" title=\"\"><img decoding=\"async\" class=\"alignnone size-full\" alt=\"\" src=\"https:\/\/www.leben-atmen.com\/wp-content\/blogs.dir\/4\/files\/2013\/07\/amalfi5.jpg\" \/><\/a><\/p>\n","protected":false},"excerpt":{"rendered":"<p>Wie komme ich dazu, so eine \u00dcberschrift zu setzen? Wo doch die Amalfik\u00fcste zum UNESCO-Weltkulturerbe geh\u00f6rt. Und eigentlich, wenn ich die Bilder von heute durchsehe, den Beitrag gerne anders gestalten m\u00f6chte. Aber es war einfach nicht so sch\u00f6n, wie ich &hellip; <a href=\"https:\/\/www.leben-atmen.com\/palermo\/2013\/07\/08\/die-amalfikuste-macht-mir-heute-keine-ehre\/\">Weiterlesen <span class=\"meta-nav\">&rarr;<\/span><\/a><\/p>\n","protected":false},"author":2,"featured_media":0,"comment_status":"open","ping_status":"open","sticky":false,"template":"","format":"standard","meta":{"_jetpack_memberships_contains_paid_content":false,"footnotes":""},"categories":[1],"tags":[],"class_list":["post-1064","post","type-post","status-publish","format-standard","hentry","category-allgemein"],"jetpack_featured_media_url":"","jetpack_sharing_enabled":true,"_links":{"self":[{"href":"https:\/\/www.leben-atmen.com\/palermo\/wp-json\/wp\/v2\/posts\/1064","targetHints":{"allow":["GET"]}}],"collection":[{"href":"https:\/\/www.leben-atmen.com\/palermo\/wp-json\/wp\/v2\/posts"}],"about":[{"href":"https:\/\/www.leben-atmen.com\/palermo\/wp-json\/wp\/v2\/types\/post"}],"author":[{"embeddable":true,"href":"https:\/\/www.leben-atmen.com\/palermo\/wp-json\/wp\/v2\/users\/2"}],"replies":[{"embeddable":true,"href":"https:\/\/www.leben-atmen.com\/palermo\/wp-json\/wp\/v2\/comments?post=1064"}],"version-history":[{"count":2,"href":"https:\/\/www.leben-atmen.com\/palermo\/wp-json\/wp\/v2\/posts\/1064\/revisions"}],"predecessor-version":[{"id":1068,"href":"https:\/\/www.leben-atmen.com\/palermo\/wp-json\/wp\/v2\/posts\/1064\/revisions\/1068"}],"wp:attachment":[{"href":"https:\/\/www.leben-atmen.com\/palermo\/wp-json\/wp\/v2\/media?parent=1064"}],"wp:term":[{"taxonomy":"category","embeddable":true,"href":"https:\/\/www.leben-atmen.com\/palermo\/wp-json\/wp\/v2\/categories?post=1064"},{"taxonomy":"post_tag","embeddable":true,"href":"https:\/\/www.leben-atmen.com\/palermo\/wp-json\/wp\/v2\/tags?post=1064"}],"curies":[{"name":"wp","href":"https:\/\/api.w.org\/{rel}","templated":true}]}}