{"id":1013,"date":"2013-07-06T17:10:44","date_gmt":"2013-07-06T17:10:44","guid":{"rendered":"https:\/\/www.leben-atmen.com\/palermo\/?p=1013"},"modified":"2013-07-06T17:24:04","modified_gmt":"2013-07-06T17:24:04","slug":"mamma-mia","status":"publish","type":"post","link":"https:\/\/www.leben-atmen.com\/palermo\/2013\/07\/06\/mamma-mia\/","title":{"rendered":"Mamma mia"},"content":{"rendered":"<p>Ops &#8211; das ist f\u00fcr Radfahrer schon eine schwere Kost: Neapel. Nein &#8211; wir m\u00fcssen hier nicht ums Leben f\u00fcrchten &#8211; nichts dergleichen ist passiert. Der Verkehr ist einfach wild &#8211; wir sind st\u00e4ndig in Alarmbereitschaft, weil wieder aus einer Parkl\u00fccke jemand aussteigt, rausf\u00e4hrt oder sonst irgendetwas tut.<\/p>\n<p>Wie sagt Simone immer: &#8222;In Italien fahren die Autos nur dann, wenn jemand mit einem Handy darin telefoniert.&#8220; Und das kommt dann noch dazu, dass die Autofahrer meist wenig auf den Verkehr achten k\u00f6nnen, weil nebenher noch telefoniert werden muss. An das Hupen haben wir uns schon gew\u00f6hnt.<\/p>\n<p>Nein &#8211; schlimm ist der Zustand der Stadt &#8211; der Strassen, der Geb\u00e4ude. Das f\u00fchlt sich nicht wie Europa und nicht wie 21. Jahrhundert an. Zudem hatten wir dann von den wenigen Kilometern aus der Stadt heraus gro\u00dfteils Pflaster zu fahren &#8211; uff, jetzt wir gut durchger\u00fcttelt.<\/p>\n<p>Aber die Menschen sind nett &#8211; sehr nett. Wir fuhren an einem Leichenwagen vorbei &#8211; die T\u00fcr hinten war ge\u00f6ffnet, ein Sarg darin. Es war ein Jaguar als Leichenwagen. Ein Dabeistehender sagte dazu: &#8222;Auf Wiedersehen&#8220;. Wir: &#8222;Molto finoto&#8220;. Wir l\u00e4cheln alle kurz und weiter gehts.<\/p>\n<p>Oder dann die Frau um die 40, die uns den Weg erkl\u00e4rt. Sie hat mehr Brillen in ihrer Handtasche als Z\u00e4hne im Mund. Sie ist nett, zeigt uns den Weg, erkl\u00e4rt es nochmal und nochmal und es ist menschlich hier.<\/p>\n<p>Nein &#8211; wir machen uns weniger Sorgen um uns, sondern eher um diese ehrw\u00fcrdige Gegend, der es scheinbar nicht gut geht.<\/p>\n<p><a href=\"https:\/\/www.leben-atmen.com\/wp-content\/blogs.dir\/4\/files\/2013\/07\/IMG_3795.jpg\" data-rel=\"lightbox-image-0\" data-rl_title=\"\" data-rl_caption=\"\" title=\"\"><img decoding=\"async\" class=\"alignnone size-full\" alt=\"\" src=\"https:\/\/www.leben-atmen.com\/wp-content\/blogs.dir\/4\/files\/2013\/07\/IMG_3795.jpg\" \/><\/a><\/p>\n<p><a href=\"https:\/\/www.leben-atmen.com\/wp-content\/blogs.dir\/4\/files\/2013\/07\/IMG_3792.jpg\" data-rel=\"lightbox-image-1\" data-rl_title=\"\" data-rl_caption=\"\" title=\"\"><img decoding=\"async\" class=\"alignnone size-full\" alt=\"\" src=\"https:\/\/www.leben-atmen.com\/wp-content\/blogs.dir\/4\/files\/2013\/07\/IMG_3792.jpg\" \/><\/a><\/p>\n","protected":false},"excerpt":{"rendered":"<p>Ops &#8211; das ist f\u00fcr Radfahrer schon eine schwere Kost: Neapel. Nein &#8211; wir m\u00fcssen hier nicht ums Leben f\u00fcrchten &#8211; nichts dergleichen ist passiert. Der Verkehr ist einfach wild &#8211; wir sind st\u00e4ndig in Alarmbereitschaft, weil wieder aus einer &hellip; <a href=\"https:\/\/www.leben-atmen.com\/palermo\/2013\/07\/06\/mamma-mia\/\">Weiterlesen <span class=\"meta-nav\">&rarr;<\/span><\/a><\/p>\n","protected":false},"author":3,"featured_media":0,"comment_status":"open","ping_status":"open","sticky":false,"template":"","format":"standard","meta":{"_jetpack_memberships_contains_paid_content":false,"footnotes":""},"categories":[1],"tags":[],"class_list":["post-1013","post","type-post","status-publish","format-standard","hentry","category-allgemein"],"jetpack_featured_media_url":"","jetpack_sharing_enabled":true,"_links":{"self":[{"href":"https:\/\/www.leben-atmen.com\/palermo\/wp-json\/wp\/v2\/posts\/1013","targetHints":{"allow":["GET"]}}],"collection":[{"href":"https:\/\/www.leben-atmen.com\/palermo\/wp-json\/wp\/v2\/posts"}],"about":[{"href":"https:\/\/www.leben-atmen.com\/palermo\/wp-json\/wp\/v2\/types\/post"}],"author":[{"embeddable":true,"href":"https:\/\/www.leben-atmen.com\/palermo\/wp-json\/wp\/v2\/users\/3"}],"replies":[{"embeddable":true,"href":"https:\/\/www.leben-atmen.com\/palermo\/wp-json\/wp\/v2\/comments?post=1013"}],"version-history":[{"count":3,"href":"https:\/\/www.leben-atmen.com\/palermo\/wp-json\/wp\/v2\/posts\/1013\/revisions"}],"predecessor-version":[{"id":1017,"href":"https:\/\/www.leben-atmen.com\/palermo\/wp-json\/wp\/v2\/posts\/1013\/revisions\/1017"}],"wp:attachment":[{"href":"https:\/\/www.leben-atmen.com\/palermo\/wp-json\/wp\/v2\/media?parent=1013"}],"wp:term":[{"taxonomy":"category","embeddable":true,"href":"https:\/\/www.leben-atmen.com\/palermo\/wp-json\/wp\/v2\/categories?post=1013"},{"taxonomy":"post_tag","embeddable":true,"href":"https:\/\/www.leben-atmen.com\/palermo\/wp-json\/wp\/v2\/tags?post=1013"}],"curies":[{"name":"wp","href":"https:\/\/api.w.org\/{rel}","templated":true}]}}