{"id":1012,"date":"2013-07-06T14:01:21","date_gmt":"2013-07-06T14:01:21","guid":{"rendered":"https:\/\/www.leben-atmen.com\/palermo\/?p=1012"},"modified":"2013-07-06T14:01:21","modified_gmt":"2013-07-06T14:01:21","slug":"zu-fusen-des-vesuvs","status":"publish","type":"post","link":"https:\/\/www.leben-atmen.com\/palermo\/2013\/07\/06\/zu-fusen-des-vesuvs\/","title":{"rendered":"Zu F\u00fc\u00dfen des Vesuvs"},"content":{"rendered":"<p>Wir stehen am Fu\u00dfe des Vesuv. Hinter uns zieht ein gro\u00dfes Gewitter auf, wir m\u00fcssen schauen dass wir zu unserer Unterkunft kommen.<br \/>\nNeapel wirkt schockierend kaputt, die Regierung Italiens wartet wohl darauf, dass der Vesuv ausbrechen wird und irgendwann Napoli versch\u00fcttet.<\/p>\n<p><a href=\"https:\/\/www.leben-atmen.com\/wp-content\/blogs.dir\/4\/files\/2013\/07\/20130706-160112.jpg\" data-rel=\"lightbox-image-0\" data-rl_title=\"\" data-rl_caption=\"\" title=\"\"><img decoding=\"async\" src=\"https:\/\/www.leben-atmen.com\/wp-content\/blogs.dir\/4\/files\/2013\/07\/20130706-160112.jpg\" alt=\"20130706-160112.jpg\" class=\"alignnone size-full\" \/><\/a><\/p>\n","protected":false},"excerpt":{"rendered":"<p>Wir stehen am Fu\u00dfe des Vesuv. Hinter uns zieht ein gro\u00dfes Gewitter auf, wir m\u00fcssen schauen dass wir zu unserer Unterkunft kommen. Neapel wirkt schockierend kaputt, die Regierung Italiens wartet wohl darauf, dass der Vesuv ausbrechen wird und irgendwann Napoli &hellip; <a href=\"https:\/\/www.leben-atmen.com\/palermo\/2013\/07\/06\/zu-fusen-des-vesuvs\/\">Weiterlesen <span class=\"meta-nav\">&rarr;<\/span><\/a><\/p>\n","protected":false},"author":2,"featured_media":0,"comment_status":"open","ping_status":"open","sticky":false,"template":"","format":"standard","meta":{"_jetpack_memberships_contains_paid_content":false,"footnotes":""},"categories":[1],"tags":[],"class_list":["post-1012","post","type-post","status-publish","format-standard","hentry","category-allgemein"],"jetpack_featured_media_url":"","jetpack_sharing_enabled":true,"_links":{"self":[{"href":"https:\/\/www.leben-atmen.com\/palermo\/wp-json\/wp\/v2\/posts\/1012","targetHints":{"allow":["GET"]}}],"collection":[{"href":"https:\/\/www.leben-atmen.com\/palermo\/wp-json\/wp\/v2\/posts"}],"about":[{"href":"https:\/\/www.leben-atmen.com\/palermo\/wp-json\/wp\/v2\/types\/post"}],"author":[{"embeddable":true,"href":"https:\/\/www.leben-atmen.com\/palermo\/wp-json\/wp\/v2\/users\/2"}],"replies":[{"embeddable":true,"href":"https:\/\/www.leben-atmen.com\/palermo\/wp-json\/wp\/v2\/comments?post=1012"}],"version-history":[{"count":0,"href":"https:\/\/www.leben-atmen.com\/palermo\/wp-json\/wp\/v2\/posts\/1012\/revisions"}],"wp:attachment":[{"href":"https:\/\/www.leben-atmen.com\/palermo\/wp-json\/wp\/v2\/media?parent=1012"}],"wp:term":[{"taxonomy":"category","embeddable":true,"href":"https:\/\/www.leben-atmen.com\/palermo\/wp-json\/wp\/v2\/categories?post=1012"},{"taxonomy":"post_tag","embeddable":true,"href":"https:\/\/www.leben-atmen.com\/palermo\/wp-json\/wp\/v2\/tags?post=1012"}],"curies":[{"name":"wp","href":"https:\/\/api.w.org\/{rel}","templated":true}]}}