{"id":1004,"date":"2013-07-05T16:52:38","date_gmt":"2013-07-05T16:52:38","guid":{"rendered":"https:\/\/www.leben-atmen.com\/palermo\/?p=1004"},"modified":"2013-07-05T16:52:38","modified_gmt":"2013-07-05T16:52:38","slug":"fazit-sardinien","status":"publish","type":"post","link":"https:\/\/www.leben-atmen.com\/palermo\/2013\/07\/05\/fazit-sardinien\/","title":{"rendered":"Fazit Sardinien"},"content":{"rendered":"<p>Wir haben ja nur eine H\u00e4lfte von Sardinien beradeln k\u00f6nnen, aber so viel sei gesagt, diese Insel ist es wert, noch einmal zur\u00fcckzukehren. Vorausgesetzt, man mag auch Einsamkeit in der Natur, Str\u00e4nde und ruhige Orte. Die Preise sind okay, gef\u00fchlt sind die Zimmer auf dem Festland g\u00fcnstiger, auch das Essen ist einen Tick teurer.<\/p>\n<p>Kulinarisch ausgezeichnet schmecken K\u00e4se, Schinken und auch der heimische Wein. Fisch bekommt man an allen Ecken, er ist k\u00f6stlich. Die Sarden backen leckeres Brot, das mit Gries angereichert ist und daher gelblich oder auch k\u00f6rnig ist.<\/p>\n<p>Man isst mit Appetit, denn die Haltung der Tiere, Schafe, K\u00fche, Ziegen, H\u00fchner, ist, zumindest die, die man drau\u00dfen sieht, vorbildlich.<\/p>\n<p>Die Menschen sind sehr sehr nett, allerorts kann man spa\u00dfen, reden und sie erf\u00fcllen einem jeden Wunsch, sehr zuvorkommend.<\/p>\n<p>Es gibt keine freilaufenden Hunde, die einem auf die Nerven gehen und der Verkehr konzentriert sich tats\u00e4chlich nur auf Cagliari. Den Rest kann man durchaus aushalten, die Stra\u00dfen benutzen, obgleich es keinen einzigen Radweg gibt.<\/p>\n<p>Was wir nicht gefunden haben, sind Kultursch\u00e4tze, sch\u00f6ne Bauten, Kirchen oder alte Bausubstanz. Liebliche D\u00f6rfer fehlen ebenso wie spektakul\u00e4re Hanglagen von alten St\u00e4dten.<\/p>\n<p>Ich w\u00e4re neugierig auf die andere H\u00e4lfte, auf die Costa Smeralda, die ja touristisch \u00fcberlaufen sein soll. Auf unserer erw\u00e4hlten Route merkte man aber nichts vom Massentourismus.<\/p>\n<p>Anfang Juli wird es wohl auch noch nicht so schlimm sein. Im August k\u00f6nnte das, was ich hier schreibe, eventuell nicht mehr zutreffen. Zum Beispiel fahren die gro\u00dfen Schiffe nach Neapel zur Zeit nur zweimal die Woche, Mitte Juli starten sie t\u00e4glich. Und wenn diese Kiste einmal voller Menschen ist, dann Gute Nacht Marie!<\/p>\n<p>Unser Fazit ist: Tolle Urlaubsinsel, f\u00fcr ein, zwei Wochen bestimmt erholsam, insbesondere Baden und Str\u00e4nde schreibt man hier gro\u00df, f\u00fcr Kinder ideal. Allerdings, und das ist nat\u00fcrlich auch ein Argument, es ist schon sehr weit, mit dem Auto oder Wohnmobil hierher zu reisen. Es gibt zwar auch Fl\u00fcge, aber mir pers\u00f6nlich w\u00fcrde hier das Camping am meisten Spa\u00df machen, weil man n\u00e4her an der Natur ist.<\/p>\n<p><a href=\"https:\/\/www.leben-atmen.com\/wp-content\/blogs.dir\/4\/files\/2013\/07\/Radeln-ist-sch\u00f6n.jpg\" data-rel=\"lightbox-image-0\" data-rl_title=\"\" data-rl_caption=\"\" title=\"\"><img decoding=\"async\" class=\"alignnone size-full\" alt=\"\" src=\"https:\/\/www.leben-atmen.com\/wp-content\/blogs.dir\/4\/files\/2013\/07\/Radeln-ist-sch\u00f6n.jpg\" \/><\/a><\/p>\n","protected":false},"excerpt":{"rendered":"<p>Wir haben ja nur eine H\u00e4lfte von Sardinien beradeln k\u00f6nnen, aber so viel sei gesagt, diese Insel ist es wert, noch einmal zur\u00fcckzukehren. Vorausgesetzt, man mag auch Einsamkeit in der Natur, Str\u00e4nde und ruhige Orte. Die Preise sind okay, gef\u00fchlt &hellip; <a href=\"https:\/\/www.leben-atmen.com\/palermo\/2013\/07\/05\/fazit-sardinien\/\">Weiterlesen <span class=\"meta-nav\">&rarr;<\/span><\/a><\/p>\n","protected":false},"author":2,"featured_media":0,"comment_status":"open","ping_status":"open","sticky":false,"template":"","format":"standard","meta":{"_jetpack_memberships_contains_paid_content":false,"footnotes":""},"categories":[1],"tags":[],"class_list":["post-1004","post","type-post","status-publish","format-standard","hentry","category-allgemein"],"jetpack_featured_media_url":"","jetpack_sharing_enabled":true,"_links":{"self":[{"href":"https:\/\/www.leben-atmen.com\/palermo\/wp-json\/wp\/v2\/posts\/1004","targetHints":{"allow":["GET"]}}],"collection":[{"href":"https:\/\/www.leben-atmen.com\/palermo\/wp-json\/wp\/v2\/posts"}],"about":[{"href":"https:\/\/www.leben-atmen.com\/palermo\/wp-json\/wp\/v2\/types\/post"}],"author":[{"embeddable":true,"href":"https:\/\/www.leben-atmen.com\/palermo\/wp-json\/wp\/v2\/users\/2"}],"replies":[{"embeddable":true,"href":"https:\/\/www.leben-atmen.com\/palermo\/wp-json\/wp\/v2\/comments?post=1004"}],"version-history":[{"count":2,"href":"https:\/\/www.leben-atmen.com\/palermo\/wp-json\/wp\/v2\/posts\/1004\/revisions"}],"predecessor-version":[{"id":1006,"href":"https:\/\/www.leben-atmen.com\/palermo\/wp-json\/wp\/v2\/posts\/1004\/revisions\/1006"}],"wp:attachment":[{"href":"https:\/\/www.leben-atmen.com\/palermo\/wp-json\/wp\/v2\/media?parent=1004"}],"wp:term":[{"taxonomy":"category","embeddable":true,"href":"https:\/\/www.leben-atmen.com\/palermo\/wp-json\/wp\/v2\/categories?post=1004"},{"taxonomy":"post_tag","embeddable":true,"href":"https:\/\/www.leben-atmen.com\/palermo\/wp-json\/wp\/v2\/tags?post=1004"}],"curies":[{"name":"wp","href":"https:\/\/api.w.org\/{rel}","templated":true}]}}