{"id":906,"date":"2015-07-22T13:44:58","date_gmt":"2015-07-22T11:44:58","guid":{"rendered":"https:\/\/www.leben-atmen.com\/izmir\/?p=906"},"modified":"2015-07-22T13:44:58","modified_gmt":"2015-07-22T11:44:58","slug":"hanghaeuser-in-ephesus","status":"publish","type":"post","link":"https:\/\/www.leben-atmen.com\/izmir\/2015\/07\/22\/hanghaeuser-in-ephesus\/","title":{"rendered":"Hangh\u00e4user in Ephesus"},"content":{"rendered":"<p>Als wir Ephesos 1999 das erste Mal besuchten, war die Rekonstruktion der Hangh\u00e4user noch sehr bescheiden.Mittlerweile jedoch, bekommt man bei einem Besuch einen sehr realistischen Eindruck davon, wie man damals gelebt hat.<br \/>\nBesonders imposant sind die vielen Malereien an den W\u00e4nden und die Mosaiken in den Fu\u00dfb\u00f6den.<\/p>\n<p>Der Besuch von Ephesus kostet \u00fcbrigens 30 Lira, wenn man die Hangh\u00e4user zus\u00e4tzlich besuchen will, betr\u00e4gt der Gesamtpreis 40 Lira. Also umgerechnet in Euro zwischen zehn und 13 \u20ac pro Person.<\/p>\n<p>&nbsp;<a href=\"https:\/\/i0.wp.com\/www.leben-atmen.com\/wp-content\/blogs.dir\/6\/files\/2015\/07\/4ce422eef0bb21f469f87b2152bebb24.jpg?ssl=1\" data-rel=\"lightbox-image-0\" data-rl_title=\"\" data-rl_caption=\"\" title=\"\"><img data-recalc-dims=\"1\" decoding=\"async\" src=\"https:\/\/i0.wp.com\/www.leben-atmen.com\/wp-content\/blogs.dir\/6\/files\/2015\/07\/4ce422eef0bb21f469f87b2152bebb24.jpg?w=584&#038;ssl=1\" alt=\"\"><\/a>&nbsp;&nbsp;<br \/>\n<a href=\"https:\/\/i0.wp.com\/www.leben-atmen.com\/wp-content\/blogs.dir\/6\/files\/2015\/07\/e5a13d076c01a25eee527afe94670f38.jpg?ssl=1\" data-rel=\"lightbox-image-1\" data-rl_title=\"\" data-rl_caption=\"\" title=\"\"><img data-recalc-dims=\"1\" decoding=\"async\" src=\"https:\/\/i0.wp.com\/www.leben-atmen.com\/wp-content\/blogs.dir\/6\/files\/2015\/07\/e5a13d076c01a25eee527afe94670f38.jpg?w=584&#038;ssl=1\" alt=\"\"><\/a>&nbsp;&nbsp;<a href=\"https:\/\/i0.wp.com\/www.leben-atmen.com\/wp-content\/blogs.dir\/6\/files\/2015\/07\/1a5022a9f12f1f32a72bcff02c2d5e42.jpg?ssl=1\" data-rel=\"lightbox-image-2\" data-rl_title=\"\" data-rl_caption=\"\" title=\"\"><img data-recalc-dims=\"1\" decoding=\"async\" src=\"https:\/\/i0.wp.com\/www.leben-atmen.com\/wp-content\/blogs.dir\/6\/files\/2015\/07\/1a5022a9f12f1f32a72bcff02c2d5e42.jpg?w=584&#038;ssl=1\" alt=\"\"><\/a>&nbsp;<\/p>\n","protected":false},"excerpt":{"rendered":"<p>Als wir Ephesos 1999 das erste Mal besuchten, war die Rekonstruktion der Hangh\u00e4user noch sehr bescheiden.Mittlerweile jedoch, bekommt man bei einem Besuch einen sehr realistischen Eindruck davon, wie man damals gelebt hat. Besonders imposant sind die vielen Malereien an den &hellip; <a href=\"https:\/\/www.leben-atmen.com\/izmir\/2015\/07\/22\/hanghaeuser-in-ephesus\/\">Weiterlesen <span class=\"meta-nav\">&rarr;<\/span><\/a><\/p>\n","protected":false},"author":3,"featured_media":0,"comment_status":"open","ping_status":"open","sticky":false,"template":"","format":"standard","meta":{"_jetpack_memberships_contains_paid_content":false,"footnotes":""},"categories":[1],"tags":[],"class_list":["post-906","post","type-post","status-publish","format-standard","hentry","category-allgemein"],"jetpack_featured_media_url":"","jetpack_sharing_enabled":true,"_links":{"self":[{"href":"https:\/\/www.leben-atmen.com\/izmir\/wp-json\/wp\/v2\/posts\/906","targetHints":{"allow":["GET"]}}],"collection":[{"href":"https:\/\/www.leben-atmen.com\/izmir\/wp-json\/wp\/v2\/posts"}],"about":[{"href":"https:\/\/www.leben-atmen.com\/izmir\/wp-json\/wp\/v2\/types\/post"}],"author":[{"embeddable":true,"href":"https:\/\/www.leben-atmen.com\/izmir\/wp-json\/wp\/v2\/users\/3"}],"replies":[{"embeddable":true,"href":"https:\/\/www.leben-atmen.com\/izmir\/wp-json\/wp\/v2\/comments?post=906"}],"version-history":[{"count":0,"href":"https:\/\/www.leben-atmen.com\/izmir\/wp-json\/wp\/v2\/posts\/906\/revisions"}],"wp:attachment":[{"href":"https:\/\/www.leben-atmen.com\/izmir\/wp-json\/wp\/v2\/media?parent=906"}],"wp:term":[{"taxonomy":"category","embeddable":true,"href":"https:\/\/www.leben-atmen.com\/izmir\/wp-json\/wp\/v2\/categories?post=906"},{"taxonomy":"post_tag","embeddable":true,"href":"https:\/\/www.leben-atmen.com\/izmir\/wp-json\/wp\/v2\/tags?post=906"}],"curies":[{"name":"wp","href":"https:\/\/api.w.org\/{rel}","templated":true}]}}