{"id":881,"date":"2015-07-21T19:00:19","date_gmt":"2015-07-21T17:00:19","guid":{"rendered":"https:\/\/www.leben-atmen.com\/izmir\/?p=881"},"modified":"2015-07-21T19:00:19","modified_gmt":"2015-07-21T17:00:19","slug":"liebe-rostet-nicht","status":"publish","type":"post","link":"https:\/\/www.leben-atmen.com\/izmir\/2015\/07\/21\/liebe-rostet-nicht\/","title":{"rendered":"Liebe rostet nicht"},"content":{"rendered":"<p>Ach ja, unsere T\u00fcrkei! Die Liebe zu ihr ist manchmal so ambivalent wie die Qualit\u00e4t der Zimmer. Die letzten drei Tage konnten wir so gar nichts Gescheites auftreiben und hatten stets viel Verkehr mit lauter verr\u00fcckten Autofahrern und schlechten Stra\u00dfen. Daf\u00fcr war f\u00fcr uns heute ein sch\u00f6ner Radeltag mit dem ausgiebigen Fr\u00fchst\u00fcck in Kirazli. Und die Menschen machen hier sowieso alles Wett! Als wir dann \u00fcber den Berg nach Selcuk fuhren, war mir klar: Alles wird gut! Vergessen waren die hei\u00dfen N\u00e4chte in schmuddligen Hotels Didim und S\u00f6ke, vergessen die vielen Kilometer hierher. Wir lieben einfach diese Gegend, da ist nichts zu machen!<\/p>\n<div>Selcuk ist die \u201eneue&#8220; Stadt vor der antiken St\u00e4tte Ephesus. Der Empfang war mehr als herzlich. Jemand von der Gemeinde, Jussuf, empfing uns auf das Herzlichste. Die Presse war auch da und schoss ein paar Fotos, dazu bekommen wir einen Artikel in der Zeitung. Wir wurden durch die Hallen des neuen Geschichtsmuseums gef\u00fchrt. Jussuf betont, es sei kein Museum im eigentlichen Sinn, mehr eine Dokumentation der Zeit, also der alten Zeiten und der neuen. Die Ausstellung ist mit viel Hingabe arrangiert, auch das ehemalige Tabakgeb\u00e4ude, in dem sich die Ausstellung befindet, ist liebevoll renoviert worden.<\/p>\n<div>Ach ja, und das Wichtigste war nat\u00fcrlich unsere Meinung, \u00fcber das Ephesus dieses Jahr von der UNESCO zum Weltkulturerbe erkl\u00e4rt wurde. Ja, meinte Toni, es sei schon lange \u00fcberf\u00e4llig gewesen\u2026 denn, wie Ihr ja seit Tagen lesen k\u00f6nnt, ist die Region voller antiker Sch\u00e4tze, die auch f\u00fcr die christliche Welt wichtige Spuren aufzeigt.<\/div>\n<div>\u00dcbrigens bleiben wir eine zweite Nacht und schauen mit Euch morgen Ephesus an.<\/div>\n<div>Iyi Aksamlar!<\/div>\n<div><img data-recalc-dims=\"1\" decoding=\"async\" class=\"alignnone size-full\" src=\"https:\/\/i0.wp.com\/www.leben-atmen.com\/wp-content\/blogs.dir\/6\/files\/2015\/07\/e8f702bfcdc100015268b2f23fa3fd19.jpg?w=584&#038;ssl=1\" alt=\"\" \/><\/div>\n<div><a href=\"https:\/\/i0.wp.com\/www.leben-atmen.com\/wp-content\/blogs.dir\/6\/files\/2015\/07\/ac4aaa3e52c90246d4a16bf2024acf89.jpg?ssl=1\" data-rel=\"lightbox-image-0\" data-rl_title=\"\" data-rl_caption=\"\" title=\"\"><img data-recalc-dims=\"1\" decoding=\"async\" class=\"alignnone size-full\" src=\"https:\/\/i0.wp.com\/www.leben-atmen.com\/wp-content\/blogs.dir\/6\/files\/2015\/07\/ac4aaa3e52c90246d4a16bf2024acf89.jpg?w=584&#038;ssl=1\" alt=\"\" \/><\/a> <a href=\"https:\/\/i0.wp.com\/www.leben-atmen.com\/wp-content\/blogs.dir\/6\/files\/2015\/07\/3dcb1647076ba1989f2a99b26382a882.jpg?ssl=1\" data-rel=\"lightbox-image-1\" data-rl_title=\"\" data-rl_caption=\"\" title=\"\"><img data-recalc-dims=\"1\" decoding=\"async\" class=\"alignnone size-full\" src=\"https:\/\/i0.wp.com\/www.leben-atmen.com\/wp-content\/blogs.dir\/6\/files\/2015\/07\/3dcb1647076ba1989f2a99b26382a882.jpg?w=584&#038;ssl=1\" alt=\"\" \/><\/a><\/div>\n<\/div>\n","protected":false},"excerpt":{"rendered":"<p>Ach ja, unsere T\u00fcrkei! Die Liebe zu ihr ist manchmal so ambivalent wie die Qualit\u00e4t der Zimmer. Die letzten drei Tage konnten wir so gar nichts Gescheites auftreiben und hatten stets viel Verkehr mit lauter verr\u00fcckten Autofahrern und schlechten Stra\u00dfen. &hellip; <a href=\"https:\/\/www.leben-atmen.com\/izmir\/2015\/07\/21\/liebe-rostet-nicht\/\">Weiterlesen <span class=\"meta-nav\">&rarr;<\/span><\/a><\/p>\n","protected":false},"author":2,"featured_media":0,"comment_status":"open","ping_status":"open","sticky":false,"template":"","format":"standard","meta":{"_jetpack_memberships_contains_paid_content":false,"footnotes":""},"categories":[1],"tags":[],"class_list":["post-881","post","type-post","status-publish","format-standard","hentry","category-allgemein"],"jetpack_featured_media_url":"","jetpack_sharing_enabled":true,"_links":{"self":[{"href":"https:\/\/www.leben-atmen.com\/izmir\/wp-json\/wp\/v2\/posts\/881","targetHints":{"allow":["GET"]}}],"collection":[{"href":"https:\/\/www.leben-atmen.com\/izmir\/wp-json\/wp\/v2\/posts"}],"about":[{"href":"https:\/\/www.leben-atmen.com\/izmir\/wp-json\/wp\/v2\/types\/post"}],"author":[{"embeddable":true,"href":"https:\/\/www.leben-atmen.com\/izmir\/wp-json\/wp\/v2\/users\/2"}],"replies":[{"embeddable":true,"href":"https:\/\/www.leben-atmen.com\/izmir\/wp-json\/wp\/v2\/comments?post=881"}],"version-history":[{"count":0,"href":"https:\/\/www.leben-atmen.com\/izmir\/wp-json\/wp\/v2\/posts\/881\/revisions"}],"wp:attachment":[{"href":"https:\/\/www.leben-atmen.com\/izmir\/wp-json\/wp\/v2\/media?parent=881"}],"wp:term":[{"taxonomy":"category","embeddable":true,"href":"https:\/\/www.leben-atmen.com\/izmir\/wp-json\/wp\/v2\/categories?post=881"},{"taxonomy":"post_tag","embeddable":true,"href":"https:\/\/www.leben-atmen.com\/izmir\/wp-json\/wp\/v2\/tags?post=881"}],"curies":[{"name":"wp","href":"https:\/\/api.w.org\/{rel}","templated":true}]}}