{"id":873,"date":"2015-07-21T13:48:36","date_gmt":"2015-07-21T11:48:36","guid":{"rendered":"https:\/\/www.leben-atmen.com\/izmir\/?p=873"},"modified":"2015-07-21T13:48:36","modified_gmt":"2015-07-21T11:48:36","slug":"sibels-berichte-von-der-adria","status":"publish","type":"post","link":"https:\/\/www.leben-atmen.com\/izmir\/2015\/07\/21\/sibels-berichte-von-der-adria\/","title":{"rendered":"Sibel&#8217;s Berichte von der Adria"},"content":{"rendered":"<p>Das Wasser hat Badewannentemperatur, Sibelchen paddelt stundenlang. Nur das Salzwasser l\u00e4sst sie ab und zu, nach \u00fcberm\u00fctigem Geplansche, heftig husten. Aber sie findet es toll!!<\/p>\n","protected":false},"excerpt":{"rendered":"<p>Das Wasser hat Badewannentemperatur, Sibelchen paddelt stundenlang. Nur das Salzwasser l\u00e4sst sie ab und zu, nach \u00fcberm\u00fctigem Geplansche, heftig husten. Aber sie findet es toll!!<\/p>\n","protected":false},"author":12,"featured_media":0,"comment_status":"open","ping_status":"open","sticky":false,"template":"","format":"standard","meta":{"_jetpack_memberships_contains_paid_content":false,"footnotes":""},"categories":[1],"tags":[],"class_list":["post-873","post","type-post","status-publish","format-standard","hentry","category-allgemein"],"jetpack_featured_media_url":"","jetpack_sharing_enabled":true,"_links":{"self":[{"href":"https:\/\/www.leben-atmen.com\/izmir\/wp-json\/wp\/v2\/posts\/873","targetHints":{"allow":["GET"]}}],"collection":[{"href":"https:\/\/www.leben-atmen.com\/izmir\/wp-json\/wp\/v2\/posts"}],"about":[{"href":"https:\/\/www.leben-atmen.com\/izmir\/wp-json\/wp\/v2\/types\/post"}],"author":[{"embeddable":true,"href":"https:\/\/www.leben-atmen.com\/izmir\/wp-json\/wp\/v2\/users\/12"}],"replies":[{"embeddable":true,"href":"https:\/\/www.leben-atmen.com\/izmir\/wp-json\/wp\/v2\/comments?post=873"}],"version-history":[{"count":0,"href":"https:\/\/www.leben-atmen.com\/izmir\/wp-json\/wp\/v2\/posts\/873\/revisions"}],"wp:attachment":[{"href":"https:\/\/www.leben-atmen.com\/izmir\/wp-json\/wp\/v2\/media?parent=873"}],"wp:term":[{"taxonomy":"category","embeddable":true,"href":"https:\/\/www.leben-atmen.com\/izmir\/wp-json\/wp\/v2\/categories?post=873"},{"taxonomy":"post_tag","embeddable":true,"href":"https:\/\/www.leben-atmen.com\/izmir\/wp-json\/wp\/v2\/tags?post=873"}],"curies":[{"name":"wp","href":"https:\/\/api.w.org\/{rel}","templated":true}]}}