{"id":871,"date":"2015-07-21T13:12:32","date_gmt":"2015-07-21T11:12:32","guid":{"rendered":"https:\/\/www.leben-atmen.com\/izmir\/?p=871"},"modified":"2015-07-21T13:12:32","modified_gmt":"2015-07-21T11:12:32","slug":"sibel-am-pool","status":"publish","type":"post","link":"https:\/\/www.leben-atmen.com\/izmir\/2015\/07\/21\/sibel-am-pool\/","title":{"rendered":"Sibel am Pool"},"content":{"rendered":"<p>Spring ich, oder spring ich nicht? &#8222;Spring einfach Sibel! Oder ist Dir das Meer doch lieber?&#8220; Hier ist es einfach br\u00fctend hei\u00df. Man kann sich diese schw\u00fcle Hitze kaum vorstellen. Abk\u00fchlung verschafft nur die Klimaanlage im Hotel. Ohne die w\u00fcrden Sibel und Willi sterben.<\/p>\n<p><a href=\"https:\/\/i0.wp.com\/www.leben-atmen.com\/wp-content\/blogs.dir\/6\/files\/2015\/07\/d149d684b0e2909e4056730a9574e32b.jpg?ssl=1\" data-rel=\"lightbox-image-0\" data-rl_title=\"\" data-rl_caption=\"\" title=\"\"><img data-recalc-dims=\"1\" decoding=\"async\" src=\"https:\/\/i0.wp.com\/www.leben-atmen.com\/wp-content\/blogs.dir\/6\/files\/2015\/07\/d149d684b0e2909e4056730a9574e32b.jpg?w=584&#038;ssl=1\" alt=\"\"><\/a>&nbsp;<\/p>\n","protected":false},"excerpt":{"rendered":"<p>Spring ich, oder spring ich nicht? &#8222;Spring einfach Sibel! Oder ist Dir das Meer doch lieber?&#8220; Hier ist es einfach br\u00fctend hei\u00df. Man kann sich diese schw\u00fcle Hitze kaum vorstellen. Abk\u00fchlung verschafft nur die Klimaanlage im Hotel. Ohne die w\u00fcrden &hellip; <a href=\"https:\/\/www.leben-atmen.com\/izmir\/2015\/07\/21\/sibel-am-pool\/\">Weiterlesen <span class=\"meta-nav\">&rarr;<\/span><\/a><\/p>\n","protected":false},"author":12,"featured_media":0,"comment_status":"open","ping_status":"open","sticky":false,"template":"","format":"standard","meta":{"_jetpack_memberships_contains_paid_content":false,"footnotes":""},"categories":[1],"tags":[],"class_list":["post-871","post","type-post","status-publish","format-standard","hentry","category-allgemein"],"jetpack_featured_media_url":"","jetpack_sharing_enabled":true,"_links":{"self":[{"href":"https:\/\/www.leben-atmen.com\/izmir\/wp-json\/wp\/v2\/posts\/871","targetHints":{"allow":["GET"]}}],"collection":[{"href":"https:\/\/www.leben-atmen.com\/izmir\/wp-json\/wp\/v2\/posts"}],"about":[{"href":"https:\/\/www.leben-atmen.com\/izmir\/wp-json\/wp\/v2\/types\/post"}],"author":[{"embeddable":true,"href":"https:\/\/www.leben-atmen.com\/izmir\/wp-json\/wp\/v2\/users\/12"}],"replies":[{"embeddable":true,"href":"https:\/\/www.leben-atmen.com\/izmir\/wp-json\/wp\/v2\/comments?post=871"}],"version-history":[{"count":0,"href":"https:\/\/www.leben-atmen.com\/izmir\/wp-json\/wp\/v2\/posts\/871\/revisions"}],"wp:attachment":[{"href":"https:\/\/www.leben-atmen.com\/izmir\/wp-json\/wp\/v2\/media?parent=871"}],"wp:term":[{"taxonomy":"category","embeddable":true,"href":"https:\/\/www.leben-atmen.com\/izmir\/wp-json\/wp\/v2\/categories?post=871"},{"taxonomy":"post_tag","embeddable":true,"href":"https:\/\/www.leben-atmen.com\/izmir\/wp-json\/wp\/v2\/tags?post=871"}],"curies":[{"name":"wp","href":"https:\/\/api.w.org\/{rel}","templated":true}]}}