{"id":836,"date":"2015-07-20T10:00:57","date_gmt":"2015-07-20T08:00:57","guid":{"rendered":"https:\/\/www.leben-atmen.com\/izmir\/?p=836"},"modified":"2015-07-20T10:00:57","modified_gmt":"2015-07-20T08:00:57","slug":"sibel-im-hotel","status":"publish","type":"post","link":"https:\/\/www.leben-atmen.com\/izmir\/2015\/07\/20\/sibel-im-hotel\/","title":{"rendered":"Sibel im Hotel"},"content":{"rendered":"<p>Hm lecker, H\u00e4nde weg von Luki&#8217;s Fr\u00fchst\u00fcck. In der ersten Nacht im Hotel, habe ich in den Armen von Luki tief und fest geschlafen. Hier ist es sehr sehr warm, wie bei meinen afrikanischen Schwestern in Gambia. Gestern durfte ich das erste Mal in der Adria planschen. Das Meer ist angenehm warm. &nbsp;Jetzt nach einem leckeren Fr\u00fchst\u00fcck, gehen wir erst mal in den Pool zum Paddeln.&nbsp;<\/p>\n","protected":false},"excerpt":{"rendered":"<p>Hm lecker, H\u00e4nde weg von Luki&#8217;s Fr\u00fchst\u00fcck. In der ersten Nacht im Hotel, habe ich in den Armen von Luki tief und fest geschlafen. Hier ist es sehr sehr warm, wie bei meinen afrikanischen Schwestern in Gambia. Gestern durfte ich &hellip; <a href=\"https:\/\/www.leben-atmen.com\/izmir\/2015\/07\/20\/sibel-im-hotel\/\">Weiterlesen <span class=\"meta-nav\">&rarr;<\/span><\/a><\/p>\n","protected":false},"author":12,"featured_media":0,"comment_status":"open","ping_status":"open","sticky":false,"template":"","format":"standard","meta":{"_jetpack_memberships_contains_paid_content":false,"footnotes":""},"categories":[1],"tags":[],"class_list":["post-836","post","type-post","status-publish","format-standard","hentry","category-allgemein"],"jetpack_featured_media_url":"","jetpack_sharing_enabled":true,"_links":{"self":[{"href":"https:\/\/www.leben-atmen.com\/izmir\/wp-json\/wp\/v2\/posts\/836","targetHints":{"allow":["GET"]}}],"collection":[{"href":"https:\/\/www.leben-atmen.com\/izmir\/wp-json\/wp\/v2\/posts"}],"about":[{"href":"https:\/\/www.leben-atmen.com\/izmir\/wp-json\/wp\/v2\/types\/post"}],"author":[{"embeddable":true,"href":"https:\/\/www.leben-atmen.com\/izmir\/wp-json\/wp\/v2\/users\/12"}],"replies":[{"embeddable":true,"href":"https:\/\/www.leben-atmen.com\/izmir\/wp-json\/wp\/v2\/comments?post=836"}],"version-history":[{"count":0,"href":"https:\/\/www.leben-atmen.com\/izmir\/wp-json\/wp\/v2\/posts\/836\/revisions"}],"wp:attachment":[{"href":"https:\/\/www.leben-atmen.com\/izmir\/wp-json\/wp\/v2\/media?parent=836"}],"wp:term":[{"taxonomy":"category","embeddable":true,"href":"https:\/\/www.leben-atmen.com\/izmir\/wp-json\/wp\/v2\/categories?post=836"},{"taxonomy":"post_tag","embeddable":true,"href":"https:\/\/www.leben-atmen.com\/izmir\/wp-json\/wp\/v2\/tags?post=836"}],"curies":[{"name":"wp","href":"https:\/\/api.w.org\/{rel}","templated":true}]}}