{"id":825,"date":"2015-07-20T07:57:22","date_gmt":"2015-07-20T05:57:22","guid":{"rendered":"https:\/\/www.leben-atmen.com\/izmir\/?p=825"},"modified":"2015-07-20T07:57:22","modified_gmt":"2015-07-20T05:57:22","slug":"sibel-und-willi","status":"publish","type":"post","link":"https:\/\/www.leben-atmen.com\/izmir\/2015\/07\/20\/sibel-und-willi\/","title":{"rendered":"Sibel und Willi"},"content":{"rendered":"<p>Seit gestern hat Sibel einen neuen Freund, den Schlappohrhasen Willi. Die Beiden sind heute schon sehr fr\u00fch aufgestanden, weil sie ohne Stau nach Italien fahren m\u00f6chten, da schmeckt das erste Eis gleich doppelt so gut. Im Moment sitzen sie auf der K\u00fchlbox im Auto, und bewundern den Sonnenaufgang und die Berge. Sibel hat es sich auf Willi&#8217;s weichem Bauch richtig bequem gemacht, und macht noch ein kleines Schl\u00e4fchen.<\/p>\n<p>&nbsp;<a href=\"https:\/\/i0.wp.com\/www.leben-atmen.com\/wp-content\/blogs.dir\/6\/files\/2015\/07\/3e874986e08709cace68e20d8487ec92.jpg?ssl=1\" data-rel=\"lightbox-image-0\" data-rl_title=\"\" data-rl_caption=\"\" title=\"\"><img data-recalc-dims=\"1\" decoding=\"async\" src=\"https:\/\/i0.wp.com\/www.leben-atmen.com\/wp-content\/blogs.dir\/6\/files\/2015\/07\/3e874986e08709cace68e20d8487ec92.jpg?w=584&#038;ssl=1\" alt=\"\"><\/a>&nbsp;<\/p>\n","protected":false},"excerpt":{"rendered":"<p>Seit gestern hat Sibel einen neuen Freund, den Schlappohrhasen Willi. Die Beiden sind heute schon sehr fr\u00fch aufgestanden, weil sie ohne Stau nach Italien fahren m\u00f6chten, da schmeckt das erste Eis gleich doppelt so gut. Im Moment sitzen sie auf &hellip; <a href=\"https:\/\/www.leben-atmen.com\/izmir\/2015\/07\/20\/sibel-und-willi\/\">Weiterlesen <span class=\"meta-nav\">&rarr;<\/span><\/a><\/p>\n","protected":false},"author":12,"featured_media":0,"comment_status":"open","ping_status":"open","sticky":false,"template":"","format":"standard","meta":{"_jetpack_memberships_contains_paid_content":false,"footnotes":""},"categories":[1],"tags":[],"class_list":["post-825","post","type-post","status-publish","format-standard","hentry","category-allgemein"],"jetpack_featured_media_url":"","jetpack_sharing_enabled":true,"_links":{"self":[{"href":"https:\/\/www.leben-atmen.com\/izmir\/wp-json\/wp\/v2\/posts\/825","targetHints":{"allow":["GET"]}}],"collection":[{"href":"https:\/\/www.leben-atmen.com\/izmir\/wp-json\/wp\/v2\/posts"}],"about":[{"href":"https:\/\/www.leben-atmen.com\/izmir\/wp-json\/wp\/v2\/types\/post"}],"author":[{"embeddable":true,"href":"https:\/\/www.leben-atmen.com\/izmir\/wp-json\/wp\/v2\/users\/12"}],"replies":[{"embeddable":true,"href":"https:\/\/www.leben-atmen.com\/izmir\/wp-json\/wp\/v2\/comments?post=825"}],"version-history":[{"count":0,"href":"https:\/\/www.leben-atmen.com\/izmir\/wp-json\/wp\/v2\/posts\/825\/revisions"}],"wp:attachment":[{"href":"https:\/\/www.leben-atmen.com\/izmir\/wp-json\/wp\/v2\/media?parent=825"}],"wp:term":[{"taxonomy":"category","embeddable":true,"href":"https:\/\/www.leben-atmen.com\/izmir\/wp-json\/wp\/v2\/categories?post=825"},{"taxonomy":"post_tag","embeddable":true,"href":"https:\/\/www.leben-atmen.com\/izmir\/wp-json\/wp\/v2\/tags?post=825"}],"curies":[{"name":"wp","href":"https:\/\/api.w.org\/{rel}","templated":true}]}}