{"id":819,"date":"2015-07-19T17:13:59","date_gmt":"2015-07-19T15:13:59","guid":{"rendered":"https:\/\/www.leben-atmen.com\/izmir\/?p=819"},"modified":"2015-07-19T17:13:59","modified_gmt":"2015-07-19T15:13:59","slug":"die-tuerkei-route","status":"publish","type":"post","link":"https:\/\/www.leben-atmen.com\/izmir\/2015\/07\/19\/die-tuerkei-route\/","title":{"rendered":"Die T\u00fcrkei-Route"},"content":{"rendered":"<p>Auf dem Schiff von Mykonos nach Samos haben wir nachgedacht. Nachgedacht \u00fcber die Route, denn uns sind ja jetzt Tage sozusagen \u201e\u00fcbrig geblieben\u201c, die wir nicht auf den Kykladen radeln konnten. So haben wir folgendes geplant: Wir fahren nicht einfach schnell von Kusadasi nach Izmir und fertig, sondern man\u00f6vrieren uns weiter s\u00fcdlich, genauer nach Didyma, wo wir jetzt sind. So starten wir von hier aus\u00a0den letzten Abschnitt unserer Reise nach Izmir. So k\u00f6nnen wir Euch als App- und Blogleserinnen und -lesern zeigen, wie reich diese Gegend an Kultur- und Natursch\u00e4tzen ist.<\/p>\n<div>Es ist unsere Lieblingsgegend. Die Menschen sind umwerfend nett, die Natur einmalig, die antiken St\u00e4dte und Pl\u00e4tze perfekt f\u00fcr eine Reise in die Vergangenheit. Also freut Euch mit uns auf diesen Extrabonus.<\/div>\n<div>Wir beginnen morgen fr\u00fch am Apollontempel. Die Aufnahme ist aus fr\u00fcheren Jahren und zeigt den antiken Toni im jungen\u00a0Prieme \ud83d\ude09<\/div>\n<div><a href=\"https:\/\/i0.wp.com\/www.leben-atmen.com\/wp-content\/blogs.dir\/6\/files\/2015\/07\/55807f30c08fb9ecca2a722e845b5ff7.jpg?ssl=1\" data-rel=\"lightbox-image-0\" data-rl_title=\"\" data-rl_caption=\"\" title=\"\"><img data-recalc-dims=\"1\" decoding=\"async\" class=\"alignnone size-full\" src=\"https:\/\/i0.wp.com\/www.leben-atmen.com\/wp-content\/blogs.dir\/6\/files\/2015\/07\/55807f30c08fb9ecca2a722e845b5ff7.jpg?w=584&#038;ssl=1\" alt=\"\" \/><\/a><\/div>\n<div><\/div>\n","protected":false},"excerpt":{"rendered":"<p>Auf dem Schiff von Mykonos nach Samos haben wir nachgedacht. Nachgedacht \u00fcber die Route, denn uns sind ja jetzt Tage sozusagen \u201e\u00fcbrig geblieben\u201c, die wir nicht auf den Kykladen radeln konnten. So haben wir folgendes geplant: Wir fahren nicht einfach &hellip; <a href=\"https:\/\/www.leben-atmen.com\/izmir\/2015\/07\/19\/die-tuerkei-route\/\">Weiterlesen <span class=\"meta-nav\">&rarr;<\/span><\/a><\/p>\n","protected":false},"author":2,"featured_media":0,"comment_status":"open","ping_status":"open","sticky":false,"template":"","format":"standard","meta":{"_jetpack_memberships_contains_paid_content":false,"footnotes":""},"categories":[1],"tags":[],"class_list":["post-819","post","type-post","status-publish","format-standard","hentry","category-allgemein"],"jetpack_featured_media_url":"","jetpack_sharing_enabled":true,"_links":{"self":[{"href":"https:\/\/www.leben-atmen.com\/izmir\/wp-json\/wp\/v2\/posts\/819","targetHints":{"allow":["GET"]}}],"collection":[{"href":"https:\/\/www.leben-atmen.com\/izmir\/wp-json\/wp\/v2\/posts"}],"about":[{"href":"https:\/\/www.leben-atmen.com\/izmir\/wp-json\/wp\/v2\/types\/post"}],"author":[{"embeddable":true,"href":"https:\/\/www.leben-atmen.com\/izmir\/wp-json\/wp\/v2\/users\/2"}],"replies":[{"embeddable":true,"href":"https:\/\/www.leben-atmen.com\/izmir\/wp-json\/wp\/v2\/comments?post=819"}],"version-history":[{"count":0,"href":"https:\/\/www.leben-atmen.com\/izmir\/wp-json\/wp\/v2\/posts\/819\/revisions"}],"wp:attachment":[{"href":"https:\/\/www.leben-atmen.com\/izmir\/wp-json\/wp\/v2\/media?parent=819"}],"wp:term":[{"taxonomy":"category","embeddable":true,"href":"https:\/\/www.leben-atmen.com\/izmir\/wp-json\/wp\/v2\/categories?post=819"},{"taxonomy":"post_tag","embeddable":true,"href":"https:\/\/www.leben-atmen.com\/izmir\/wp-json\/wp\/v2\/tags?post=819"}],"curies":[{"name":"wp","href":"https:\/\/api.w.org\/{rel}","templated":true}]}}