{"id":794,"date":"2015-07-18T11:07:20","date_gmt":"2015-07-18T09:07:20","guid":{"rendered":"https:\/\/www.leben-atmen.com\/izmir\/?p=794"},"modified":"2015-07-18T11:07:20","modified_gmt":"2015-07-18T09:07:20","slug":"sibel-faehrt-nach-italien","status":"publish","type":"post","link":"https:\/\/www.leben-atmen.com\/izmir\/2015\/07\/18\/sibel-faehrt-nach-italien\/","title":{"rendered":"Sibel f\u00e4hrt nach Italien"},"content":{"rendered":"<p>Die kleine Sibel bereitet sich langsam auf Ihren Urlaub in Bella Italia vor. Turtle Oversize ist dieses Jahr in!! Bevor es richtig los geht m\u00fcssen noch die Koffer gepackt, Garten gew\u00e4ssert, Stullen geschmiert und der &nbsp;K\u00fchlschrank geleert werden. Heute Nachmittag kommen noch Jojo und Luki, und fahren dann auch noch mit uns mit. Sibel ist schon sehr gespannt wie die Beiden aussehen, und ob sie auch richtig nett und lustig sind.<\/p>\n<p>&nbsp;<a href=\"https:\/\/i0.wp.com\/www.leben-atmen.com\/wp-content\/blogs.dir\/6\/files\/2015\/07\/e26d85a54c21000e560937dca49b4b95.jpg?ssl=1\" data-rel=\"lightbox-image-0\" data-rl_title=\"\" data-rl_caption=\"\" title=\"\"><img data-recalc-dims=\"1\" decoding=\"async\" src=\"https:\/\/i0.wp.com\/www.leben-atmen.com\/wp-content\/blogs.dir\/6\/files\/2015\/07\/e26d85a54c21000e560937dca49b4b95.jpg?w=584&#038;ssl=1\" alt=\"\"><\/a>&nbsp;<\/p>\n","protected":false},"excerpt":{"rendered":"<p>Die kleine Sibel bereitet sich langsam auf Ihren Urlaub in Bella Italia vor. Turtle Oversize ist dieses Jahr in!! Bevor es richtig los geht m\u00fcssen noch die Koffer gepackt, Garten gew\u00e4ssert, Stullen geschmiert und der &nbsp;K\u00fchlschrank geleert werden. Heute Nachmittag &hellip; <a href=\"https:\/\/www.leben-atmen.com\/izmir\/2015\/07\/18\/sibel-faehrt-nach-italien\/\">Weiterlesen <span class=\"meta-nav\">&rarr;<\/span><\/a><\/p>\n","protected":false},"author":12,"featured_media":0,"comment_status":"open","ping_status":"open","sticky":false,"template":"","format":"standard","meta":{"_jetpack_memberships_contains_paid_content":false,"footnotes":""},"categories":[1],"tags":[],"class_list":["post-794","post","type-post","status-publish","format-standard","hentry","category-allgemein"],"jetpack_featured_media_url":"","jetpack_sharing_enabled":true,"_links":{"self":[{"href":"https:\/\/www.leben-atmen.com\/izmir\/wp-json\/wp\/v2\/posts\/794","targetHints":{"allow":["GET"]}}],"collection":[{"href":"https:\/\/www.leben-atmen.com\/izmir\/wp-json\/wp\/v2\/posts"}],"about":[{"href":"https:\/\/www.leben-atmen.com\/izmir\/wp-json\/wp\/v2\/types\/post"}],"author":[{"embeddable":true,"href":"https:\/\/www.leben-atmen.com\/izmir\/wp-json\/wp\/v2\/users\/12"}],"replies":[{"embeddable":true,"href":"https:\/\/www.leben-atmen.com\/izmir\/wp-json\/wp\/v2\/comments?post=794"}],"version-history":[{"count":0,"href":"https:\/\/www.leben-atmen.com\/izmir\/wp-json\/wp\/v2\/posts\/794\/revisions"}],"wp:attachment":[{"href":"https:\/\/www.leben-atmen.com\/izmir\/wp-json\/wp\/v2\/media?parent=794"}],"wp:term":[{"taxonomy":"category","embeddable":true,"href":"https:\/\/www.leben-atmen.com\/izmir\/wp-json\/wp\/v2\/categories?post=794"},{"taxonomy":"post_tag","embeddable":true,"href":"https:\/\/www.leben-atmen.com\/izmir\/wp-json\/wp\/v2\/tags?post=794"}],"curies":[{"name":"wp","href":"https:\/\/api.w.org\/{rel}","templated":true}]}}