{"id":774,"date":"2015-07-17T06:57:53","date_gmt":"2015-07-17T04:57:53","guid":{"rendered":"https:\/\/www.leben-atmen.com\/izmir\/?p=774"},"modified":"2015-07-17T07:00:51","modified_gmt":"2015-07-17T05:00:51","slug":"iyi-bayramlar","status":"publish","type":"post","link":"https:\/\/www.leben-atmen.com\/izmir\/2015\/07\/17\/iyi-bayramlar\/","title":{"rendered":"Iyi Bayramlar"},"content":{"rendered":"<p>Heute endet in der T\u00fcrkei (nicht nur da)\u00a0der Fastenmonat Ramadan. Viele von ihnen haben einen Monat lang von Sonnenaufgang bis -untergang nicht gegessen und getrunken. In diesen Sommermonaten\u00a0ist es besonders hart, weil die Tage so lang und hei\u00df sind. Darum ist es umso sch\u00f6ner, den Fastenmonat mit dem Zuckerfest zu beenden. Es gibt S\u00fc\u00dfes, sehr S\u00fc\u00dfes und viele entspannte Gesichter. Man w\u00fcnscht sich alles Liebe und Gute und die Kinder bekommen Geschenke \u00e4hnlich wie an Weihnachten.<\/p>\n<div>Eine r\u00fchrende Geste ist, wenn ein Kind zu einem alten Menschen geht, dieser nimmt die Hand, k\u00fcsst sie und dr\u00fcckt sie an die Stirne. Dann muss Kleingeld oder ein Bonbon her. Simone und Toni w\u00fcnschen Iyi Bayramlar!<\/div>\n<div><a href=\"https:\/\/i0.wp.com\/www.leben-atmen.com\/wp-content\/blogs.dir\/6\/files\/2015\/07\/28b1beb8e872ae1100c824515c993547.jpg?ssl=1\" data-rel=\"lightbox-image-0\" data-rl_title=\"\" data-rl_caption=\"\" title=\"\"><img data-recalc-dims=\"1\" decoding=\"async\" class=\"alignnone size-full\" src=\"https:\/\/i0.wp.com\/www.leben-atmen.com\/wp-content\/blogs.dir\/6\/files\/2015\/07\/28b1beb8e872ae1100c824515c993547.jpg?w=584&#038;ssl=1\" alt=\"\" \/><\/a><\/div>\n<div><\/div>\n","protected":false},"excerpt":{"rendered":"<p>Heute endet in der T\u00fcrkei (nicht nur da)\u00a0der Fastenmonat Ramadan. Viele von ihnen haben einen Monat lang von Sonnenaufgang bis -untergang nicht gegessen und getrunken. In diesen Sommermonaten\u00a0ist es besonders hart, weil die Tage so lang und hei\u00df sind. Darum &hellip; <a href=\"https:\/\/www.leben-atmen.com\/izmir\/2015\/07\/17\/iyi-bayramlar\/\">Weiterlesen <span class=\"meta-nav\">&rarr;<\/span><\/a><\/p>\n","protected":false},"author":2,"featured_media":0,"comment_status":"open","ping_status":"open","sticky":false,"template":"","format":"standard","meta":{"_jetpack_memberships_contains_paid_content":false,"footnotes":""},"categories":[1],"tags":[],"class_list":["post-774","post","type-post","status-publish","format-standard","hentry","category-allgemein"],"jetpack_featured_media_url":"","jetpack_sharing_enabled":true,"_links":{"self":[{"href":"https:\/\/www.leben-atmen.com\/izmir\/wp-json\/wp\/v2\/posts\/774","targetHints":{"allow":["GET"]}}],"collection":[{"href":"https:\/\/www.leben-atmen.com\/izmir\/wp-json\/wp\/v2\/posts"}],"about":[{"href":"https:\/\/www.leben-atmen.com\/izmir\/wp-json\/wp\/v2\/types\/post"}],"author":[{"embeddable":true,"href":"https:\/\/www.leben-atmen.com\/izmir\/wp-json\/wp\/v2\/users\/2"}],"replies":[{"embeddable":true,"href":"https:\/\/www.leben-atmen.com\/izmir\/wp-json\/wp\/v2\/comments?post=774"}],"version-history":[{"count":1,"href":"https:\/\/www.leben-atmen.com\/izmir\/wp-json\/wp\/v2\/posts\/774\/revisions"}],"predecessor-version":[{"id":776,"href":"https:\/\/www.leben-atmen.com\/izmir\/wp-json\/wp\/v2\/posts\/774\/revisions\/776"}],"wp:attachment":[{"href":"https:\/\/www.leben-atmen.com\/izmir\/wp-json\/wp\/v2\/media?parent=774"}],"wp:term":[{"taxonomy":"category","embeddable":true,"href":"https:\/\/www.leben-atmen.com\/izmir\/wp-json\/wp\/v2\/categories?post=774"},{"taxonomy":"post_tag","embeddable":true,"href":"https:\/\/www.leben-atmen.com\/izmir\/wp-json\/wp\/v2\/tags?post=774"}],"curies":[{"name":"wp","href":"https:\/\/api.w.org\/{rel}","templated":true}]}}