{"id":771,"date":"2015-07-16T19:08:46","date_gmt":"2015-07-16T17:08:46","guid":{"rendered":"https:\/\/www.leben-atmen.com\/izmir\/?p=771"},"modified":"2015-07-16T19:08:46","modified_gmt":"2015-07-16T17:08:46","slug":"marien-wallfahrtsort-in-tinos","status":"publish","type":"post","link":"https:\/\/www.leben-atmen.com\/izmir\/2015\/07\/16\/marien-wallfahrtsort-in-tinos\/","title":{"rendered":"Marien Wallfahrtsort in Tinos"},"content":{"rendered":"<p>Wir besuchen die Marienwallfahrtskirche in Tinos. Direkt vom Hafen f\u00fchren links und rechts der Stra\u00dfe rote Teppiche auf dem H\u00fcgel hinauf. Zum H\u00f6hepunkt der Pilgerreise gelangen die Gl\u00e4ubigen auf ihren Knien hinauf zur Wallfahrtskirche.Aus ganz Griechenland str\u00f6men dann die Gl\u00e4ubigen zu diesem heiligen Berg.&nbsp;<\/p>\n<p>&nbsp;<a href=\"https:\/\/i0.wp.com\/www.leben-atmen.com\/wp-content\/blogs.dir\/6\/files\/2015\/07\/5cdb4f13844ef3d90bd68fb0a6421234.jpg?ssl=1\" data-rel=\"lightbox-image-0\" data-rl_title=\"\" data-rl_caption=\"\" title=\"\"><img data-recalc-dims=\"1\" decoding=\"async\" src=\"https:\/\/i0.wp.com\/www.leben-atmen.com\/wp-content\/blogs.dir\/6\/files\/2015\/07\/5cdb4f13844ef3d90bd68fb0a6421234.jpg?w=584&#038;ssl=1\" alt=\"\"><\/a>&nbsp;&nbsp;<br \/>\n<a href=\"https:\/\/i0.wp.com\/www.leben-atmen.com\/wp-content\/blogs.dir\/6\/files\/2015\/07\/60dd4d52ebbe61d39e0f7212cf503acd.jpg?ssl=1\" data-rel=\"lightbox-image-1\" data-rl_title=\"\" data-rl_caption=\"\" title=\"\"><img data-recalc-dims=\"1\" decoding=\"async\" src=\"https:\/\/i0.wp.com\/www.leben-atmen.com\/wp-content\/blogs.dir\/6\/files\/2015\/07\/60dd4d52ebbe61d39e0f7212cf503acd.jpg?w=584&#038;ssl=1\" alt=\"\"><\/a>&nbsp;&nbsp;<a href=\"https:\/\/i0.wp.com\/www.leben-atmen.com\/wp-content\/blogs.dir\/6\/files\/2015\/07\/0eb7377dc296c6dce9b5783b4f81ef92.jpg?ssl=1\" data-rel=\"lightbox-image-2\" data-rl_title=\"\" data-rl_caption=\"\" title=\"\"><img data-recalc-dims=\"1\" decoding=\"async\" src=\"https:\/\/i0.wp.com\/www.leben-atmen.com\/wp-content\/blogs.dir\/6\/files\/2015\/07\/0eb7377dc296c6dce9b5783b4f81ef92.jpg?w=584&#038;ssl=1\" alt=\"\"><\/a>&nbsp;&nbsp;<br \/>\n<a href=\"https:\/\/i0.wp.com\/www.leben-atmen.com\/wp-content\/blogs.dir\/6\/files\/2015\/07\/ffc006bdbbe656cbf0a5f9300b707b60.jpg?ssl=1\" data-rel=\"lightbox-image-3\" data-rl_title=\"\" data-rl_caption=\"\" title=\"\"><img data-recalc-dims=\"1\" decoding=\"async\" src=\"https:\/\/i0.wp.com\/www.leben-atmen.com\/wp-content\/blogs.dir\/6\/files\/2015\/07\/ffc006bdbbe656cbf0a5f9300b707b60.jpg?w=584&#038;ssl=1\" alt=\"\"><\/a>&nbsp;<\/p>\n","protected":false},"excerpt":{"rendered":"<p>Wir besuchen die Marienwallfahrtskirche in Tinos. Direkt vom Hafen f\u00fchren links und rechts der Stra\u00dfe rote Teppiche auf dem H\u00fcgel hinauf. Zum H\u00f6hepunkt der Pilgerreise gelangen die Gl\u00e4ubigen auf ihren Knien hinauf zur Wallfahrtskirche.Aus ganz Griechenland str\u00f6men dann die Gl\u00e4ubigen &hellip; <a href=\"https:\/\/www.leben-atmen.com\/izmir\/2015\/07\/16\/marien-wallfahrtsort-in-tinos\/\">Weiterlesen <span class=\"meta-nav\">&rarr;<\/span><\/a><\/p>\n","protected":false},"author":3,"featured_media":0,"comment_status":"open","ping_status":"open","sticky":false,"template":"","format":"standard","meta":{"_jetpack_memberships_contains_paid_content":false,"footnotes":""},"categories":[1],"tags":[],"class_list":["post-771","post","type-post","status-publish","format-standard","hentry","category-allgemein"],"jetpack_featured_media_url":"","jetpack_sharing_enabled":true,"_links":{"self":[{"href":"https:\/\/www.leben-atmen.com\/izmir\/wp-json\/wp\/v2\/posts\/771","targetHints":{"allow":["GET"]}}],"collection":[{"href":"https:\/\/www.leben-atmen.com\/izmir\/wp-json\/wp\/v2\/posts"}],"about":[{"href":"https:\/\/www.leben-atmen.com\/izmir\/wp-json\/wp\/v2\/types\/post"}],"author":[{"embeddable":true,"href":"https:\/\/www.leben-atmen.com\/izmir\/wp-json\/wp\/v2\/users\/3"}],"replies":[{"embeddable":true,"href":"https:\/\/www.leben-atmen.com\/izmir\/wp-json\/wp\/v2\/comments?post=771"}],"version-history":[{"count":0,"href":"https:\/\/www.leben-atmen.com\/izmir\/wp-json\/wp\/v2\/posts\/771\/revisions"}],"wp:attachment":[{"href":"https:\/\/www.leben-atmen.com\/izmir\/wp-json\/wp\/v2\/media?parent=771"}],"wp:term":[{"taxonomy":"category","embeddable":true,"href":"https:\/\/www.leben-atmen.com\/izmir\/wp-json\/wp\/v2\/categories?post=771"},{"taxonomy":"post_tag","embeddable":true,"href":"https:\/\/www.leben-atmen.com\/izmir\/wp-json\/wp\/v2\/tags?post=771"}],"curies":[{"name":"wp","href":"https:\/\/api.w.org\/{rel}","templated":true}]}}