{"id":762,"date":"2015-07-16T12:15:37","date_gmt":"2015-07-16T10:15:37","guid":{"rendered":"https:\/\/www.leben-atmen.com\/izmir\/?p=762"},"modified":"2015-07-16T12:15:37","modified_gmt":"2015-07-16T10:15:37","slug":"wir-haben-starken-seegang","status":"publish","type":"post","link":"https:\/\/www.leben-atmen.com\/izmir\/2015\/07\/16\/wir-haben-starken-seegang\/","title":{"rendered":"Wir haben starken Seegang\u00a0"},"content":{"rendered":"<p>bei der \u00dcberfahrt nach Tinos. Die Rolltreppe des F\u00e4hrschiffes \u00e4chzt und knarrt. Hoffentlich sind wir bald da, Radfahren ist uns lieber!<\/p>\n<p>&nbsp;<a href=\"https:\/\/i0.wp.com\/www.leben-atmen.com\/wp-content\/blogs.dir\/6\/files\/2015\/07\/3ec3a4d96362d08f18db2dd7ab196b69.jpg?ssl=1\" data-rel=\"lightbox-image-0\" data-rl_title=\"\" data-rl_caption=\"\" title=\"\"><img data-recalc-dims=\"1\" decoding=\"async\" src=\"https:\/\/i0.wp.com\/www.leben-atmen.com\/wp-content\/blogs.dir\/6\/files\/2015\/07\/3ec3a4d96362d08f18db2dd7ab196b69.jpg?w=584&#038;ssl=1\" alt=\"\"><\/a>&nbsp;<\/p>\n","protected":false},"excerpt":{"rendered":"<p>bei der \u00dcberfahrt nach Tinos. Die Rolltreppe des F\u00e4hrschiffes \u00e4chzt und knarrt. Hoffentlich sind wir bald da, Radfahren ist uns lieber! &nbsp;&nbsp;<\/p>\n","protected":false},"author":2,"featured_media":0,"comment_status":"open","ping_status":"open","sticky":false,"template":"","format":"standard","meta":{"_jetpack_memberships_contains_paid_content":false,"footnotes":""},"categories":[1],"tags":[],"class_list":["post-762","post","type-post","status-publish","format-standard","hentry","category-allgemein"],"jetpack_featured_media_url":"","jetpack_sharing_enabled":true,"_links":{"self":[{"href":"https:\/\/www.leben-atmen.com\/izmir\/wp-json\/wp\/v2\/posts\/762","targetHints":{"allow":["GET"]}}],"collection":[{"href":"https:\/\/www.leben-atmen.com\/izmir\/wp-json\/wp\/v2\/posts"}],"about":[{"href":"https:\/\/www.leben-atmen.com\/izmir\/wp-json\/wp\/v2\/types\/post"}],"author":[{"embeddable":true,"href":"https:\/\/www.leben-atmen.com\/izmir\/wp-json\/wp\/v2\/users\/2"}],"replies":[{"embeddable":true,"href":"https:\/\/www.leben-atmen.com\/izmir\/wp-json\/wp\/v2\/comments?post=762"}],"version-history":[{"count":0,"href":"https:\/\/www.leben-atmen.com\/izmir\/wp-json\/wp\/v2\/posts\/762\/revisions"}],"wp:attachment":[{"href":"https:\/\/www.leben-atmen.com\/izmir\/wp-json\/wp\/v2\/media?parent=762"}],"wp:term":[{"taxonomy":"category","embeddable":true,"href":"https:\/\/www.leben-atmen.com\/izmir\/wp-json\/wp\/v2\/categories?post=762"},{"taxonomy":"post_tag","embeddable":true,"href":"https:\/\/www.leben-atmen.com\/izmir\/wp-json\/wp\/v2\/tags?post=762"}],"curies":[{"name":"wp","href":"https:\/\/api.w.org\/{rel}","templated":true}]}}