{"id":742,"date":"2015-07-15T16:28:27","date_gmt":"2015-07-15T14:28:27","guid":{"rendered":"https:\/\/www.leben-atmen.com\/izmir\/?p=742"},"modified":"2015-07-15T16:28:27","modified_gmt":"2015-07-15T14:28:27","slug":"heute-auf-der-akropolis","status":"publish","type":"post","link":"https:\/\/www.leben-atmen.com\/izmir\/2015\/07\/15\/heute-auf-der-akropolis\/","title":{"rendered":"Heute auf der Akropolis"},"content":{"rendered":"<p>W\u00e4hrend unten im Parlament Weltgeschichte geschrieben wird und die Sorgen mancher Griechen \u00dcberhand nimmt, so dass sie streikend vor das Regierungsgeb\u00e4ude ziehen, gehen die Touristen ihre Sightseeingtour ab. Es ist, als ob nichts w\u00e4re, alles normal, alles easy. Tja, wie soll man sich verhalten, wenn man nur ein Mal im Leben auf die Akropolis steigt?&nbsp;<br \/>\nWenn die Touristen dieses Jahr ausbleiben, dann kann das restliche Europa gleich den n\u00e4chsten Rettungsschirm f\u00fcr Griechenland aufspannen.<\/p>\n<p>Unser Freund Roberto berichtet entsetzt auch von den Kykladen, dass so wenige Menschen dort sind, wie noch nie, offensichtlich durch die Medien abgeschreckt.<\/p>\n<p>Nun gut, ein bisschen Recht haben die Medien, weigern sich die Griechen wirklich, Kreditkarten anzunehmen. Allerdings glaube ich, dass viele die Gunst der Stunde nutzen, um Bargeld zu kassieren, statt die l\u00e4stige Karte zu nehmen. Denn auf Dr\u00e4ngen hin funktioniert es immer&#8230;<\/p>\n<p>Als Gast f\u00fchle ich mich damit nicht wohl, nicht Willkommen. Wenn man doch so vom Tourismus abh\u00e4ngig ist, w\u00e4re es besser, man behielte die Gastgeber in guter Erinnerung, Weltgeschichte hin oder her&#8230;<\/p>\n<p>&nbsp;<a href=\"https:\/\/i0.wp.com\/www.leben-atmen.com\/wp-content\/blogs.dir\/6\/files\/2015\/07\/9fdd65964e64a5d96ffdeb32c7a984c5.jpg?ssl=1\" data-rel=\"lightbox-image-0\" data-rl_title=\"\" data-rl_caption=\"\" title=\"\"><img data-recalc-dims=\"1\" decoding=\"async\" src=\"https:\/\/i0.wp.com\/www.leben-atmen.com\/wp-content\/blogs.dir\/6\/files\/2015\/07\/9fdd65964e64a5d96ffdeb32c7a984c5.jpg?w=584&#038;ssl=1\" alt=\"\"><\/a>&nbsp;&nbsp;<br \/>\n<a href=\"https:\/\/i0.wp.com\/www.leben-atmen.com\/wp-content\/blogs.dir\/6\/files\/2015\/07\/28169c93a0d6b3cc064dfae5388f92c5.jpg?ssl=1\" data-rel=\"lightbox-image-1\" data-rl_title=\"\" data-rl_caption=\"\" title=\"\"><img data-recalc-dims=\"1\" decoding=\"async\" src=\"https:\/\/i0.wp.com\/www.leben-atmen.com\/wp-content\/blogs.dir\/6\/files\/2015\/07\/28169c93a0d6b3cc064dfae5388f92c5.jpg?w=584&#038;ssl=1\" alt=\"\"><\/a>&nbsp;&nbsp;<a href=\"https:\/\/i0.wp.com\/www.leben-atmen.com\/wp-content\/blogs.dir\/6\/files\/2015\/07\/1a97d6ca6bb1fa225bd80b0a5909bf35.jpg?ssl=1\" data-rel=\"lightbox-image-2\" data-rl_title=\"\" data-rl_caption=\"\" title=\"\"><img data-recalc-dims=\"1\" decoding=\"async\" src=\"https:\/\/i0.wp.com\/www.leben-atmen.com\/wp-content\/blogs.dir\/6\/files\/2015\/07\/1a97d6ca6bb1fa225bd80b0a5909bf35.jpg?w=584&#038;ssl=1\" alt=\"\"><\/a>&nbsp;<\/p>\n","protected":false},"excerpt":{"rendered":"<p>W\u00e4hrend unten im Parlament Weltgeschichte geschrieben wird und die Sorgen mancher Griechen \u00dcberhand nimmt, so dass sie streikend vor das Regierungsgeb\u00e4ude ziehen, gehen die Touristen ihre Sightseeingtour ab. Es ist, als ob nichts w\u00e4re, alles normal, alles easy. Tja, wie &hellip; <a href=\"https:\/\/www.leben-atmen.com\/izmir\/2015\/07\/15\/heute-auf-der-akropolis\/\">Weiterlesen <span class=\"meta-nav\">&rarr;<\/span><\/a><\/p>\n","protected":false},"author":2,"featured_media":0,"comment_status":"open","ping_status":"open","sticky":false,"template":"","format":"standard","meta":{"_jetpack_memberships_contains_paid_content":false,"footnotes":""},"categories":[1],"tags":[],"class_list":["post-742","post","type-post","status-publish","format-standard","hentry","category-allgemein"],"jetpack_featured_media_url":"","jetpack_sharing_enabled":true,"_links":{"self":[{"href":"https:\/\/www.leben-atmen.com\/izmir\/wp-json\/wp\/v2\/posts\/742","targetHints":{"allow":["GET"]}}],"collection":[{"href":"https:\/\/www.leben-atmen.com\/izmir\/wp-json\/wp\/v2\/posts"}],"about":[{"href":"https:\/\/www.leben-atmen.com\/izmir\/wp-json\/wp\/v2\/types\/post"}],"author":[{"embeddable":true,"href":"https:\/\/www.leben-atmen.com\/izmir\/wp-json\/wp\/v2\/users\/2"}],"replies":[{"embeddable":true,"href":"https:\/\/www.leben-atmen.com\/izmir\/wp-json\/wp\/v2\/comments?post=742"}],"version-history":[{"count":0,"href":"https:\/\/www.leben-atmen.com\/izmir\/wp-json\/wp\/v2\/posts\/742\/revisions"}],"wp:attachment":[{"href":"https:\/\/www.leben-atmen.com\/izmir\/wp-json\/wp\/v2\/media?parent=742"}],"wp:term":[{"taxonomy":"category","embeddable":true,"href":"https:\/\/www.leben-atmen.com\/izmir\/wp-json\/wp\/v2\/categories?post=742"},{"taxonomy":"post_tag","embeddable":true,"href":"https:\/\/www.leben-atmen.com\/izmir\/wp-json\/wp\/v2\/tags?post=742"}],"curies":[{"name":"wp","href":"https:\/\/api.w.org\/{rel}","templated":true}]}}