{"id":737,"date":"2015-07-15T13:30:07","date_gmt":"2015-07-15T11:30:07","guid":{"rendered":"https:\/\/www.leben-atmen.com\/izmir\/?p=737"},"modified":"2015-07-15T13:30:07","modified_gmt":"2015-07-15T11:30:07","slug":"and-the-winner-is","status":"publish","type":"post","link":"https:\/\/www.leben-atmen.com\/izmir\/2015\/07\/15\/and-the-winner-is\/","title":{"rendered":"And the winner is"},"content":{"rendered":"<p>70-80 % der Leute, die hier als Touristen unterwegs sind, nutzen ein iPhone. \u00dcbrigens \u00fcberwiegend iPhone 6. Sofern Leute ein Tablett haben, ist es zu fast 100 % ein iPad.<br \/>\n\u00dcberhaupt sind die meisten Touristen Amerikaner gefolgt von Asiaten.<\/p>\n<p>Deutsche Touristen sind nur in hom\u00f6opathischer Dosis hier anzutreffen.&nbsp;<\/p>\n","protected":false},"excerpt":{"rendered":"<p>70-80 % der Leute, die hier als Touristen unterwegs sind, nutzen ein iPhone. \u00dcbrigens \u00fcberwiegend iPhone 6. Sofern Leute ein Tablett haben, ist es zu fast 100 % ein iPad. \u00dcberhaupt sind die meisten Touristen Amerikaner gefolgt von Asiaten. Deutsche &hellip; <a href=\"https:\/\/www.leben-atmen.com\/izmir\/2015\/07\/15\/and-the-winner-is\/\">Weiterlesen <span class=\"meta-nav\">&rarr;<\/span><\/a><\/p>\n","protected":false},"author":3,"featured_media":0,"comment_status":"open","ping_status":"open","sticky":false,"template":"","format":"standard","meta":{"_jetpack_memberships_contains_paid_content":false,"footnotes":""},"categories":[1],"tags":[],"class_list":["post-737","post","type-post","status-publish","format-standard","hentry","category-allgemein"],"jetpack_featured_media_url":"","jetpack_sharing_enabled":true,"_links":{"self":[{"href":"https:\/\/www.leben-atmen.com\/izmir\/wp-json\/wp\/v2\/posts\/737","targetHints":{"allow":["GET"]}}],"collection":[{"href":"https:\/\/www.leben-atmen.com\/izmir\/wp-json\/wp\/v2\/posts"}],"about":[{"href":"https:\/\/www.leben-atmen.com\/izmir\/wp-json\/wp\/v2\/types\/post"}],"author":[{"embeddable":true,"href":"https:\/\/www.leben-atmen.com\/izmir\/wp-json\/wp\/v2\/users\/3"}],"replies":[{"embeddable":true,"href":"https:\/\/www.leben-atmen.com\/izmir\/wp-json\/wp\/v2\/comments?post=737"}],"version-history":[{"count":0,"href":"https:\/\/www.leben-atmen.com\/izmir\/wp-json\/wp\/v2\/posts\/737\/revisions"}],"wp:attachment":[{"href":"https:\/\/www.leben-atmen.com\/izmir\/wp-json\/wp\/v2\/media?parent=737"}],"wp:term":[{"taxonomy":"category","embeddable":true,"href":"https:\/\/www.leben-atmen.com\/izmir\/wp-json\/wp\/v2\/categories?post=737"},{"taxonomy":"post_tag","embeddable":true,"href":"https:\/\/www.leben-atmen.com\/izmir\/wp-json\/wp\/v2\/tags?post=737"}],"curies":[{"name":"wp","href":"https:\/\/api.w.org\/{rel}","templated":true}]}}