{"id":716,"date":"2015-07-14T09:41:22","date_gmt":"2015-07-14T07:41:22","guid":{"rendered":"https:\/\/www.leben-atmen.com\/izmir\/?p=716"},"modified":"2015-07-14T09:41:22","modified_gmt":"2015-07-14T07:41:22","slug":"60-am-tag","status":"publish","type":"post","link":"https:\/\/www.leben-atmen.com\/izmir\/2015\/07\/14\/60-am-tag\/","title":{"rendered":"60 am Tag"},"content":{"rendered":"<p>Gibt es nach wie vor f\u00fcr jeden Griechen jeden Tag an einem Bankautomaten. Im Gegensatz zur vergangenen Woche haben wir den Eindruck, dass es morgens nicht mehr so eilig ist. Vor einigen Tagen hatten wir das Gef\u00fchl , dass die Geldautomaten nur teilweise gef\u00fcllt waren und deshalb war es wichtig, fr\u00fch morgens schon zu kommen.<br \/>\nMittlerweile sieht es jedoch so aus, dass sich Menschenschlangen eigentlich den ganzen Tag \u00fcber an den Geldautomaten tummeln.<br \/>\n&nbsp;<a href=\"https:\/\/i0.wp.com\/www.leben-atmen.com\/wp-content\/blogs.dir\/6\/files\/2015\/07\/7771c5b597d8849ea1ab5d65dc05d887.jpg?ssl=1\" data-rel=\"lightbox-image-0\" data-rl_title=\"\" data-rl_caption=\"\" title=\"\"><img data-recalc-dims=\"1\" decoding=\"async\" src=\"https:\/\/i0.wp.com\/www.leben-atmen.com\/wp-content\/blogs.dir\/6\/files\/2015\/07\/7771c5b597d8849ea1ab5d65dc05d887.jpg?w=584&#038;ssl=1\" alt=\"\"><\/a>&nbsp;<\/p>\n","protected":false},"excerpt":{"rendered":"<p>Gibt es nach wie vor f\u00fcr jeden Griechen jeden Tag an einem Bankautomaten. Im Gegensatz zur vergangenen Woche haben wir den Eindruck, dass es morgens nicht mehr so eilig ist. Vor einigen Tagen hatten wir das Gef\u00fchl , dass die &hellip; <a href=\"https:\/\/www.leben-atmen.com\/izmir\/2015\/07\/14\/60-am-tag\/\">Weiterlesen <span class=\"meta-nav\">&rarr;<\/span><\/a><\/p>\n","protected":false},"author":3,"featured_media":0,"comment_status":"open","ping_status":"open","sticky":false,"template":"","format":"standard","meta":{"_jetpack_memberships_contains_paid_content":false,"footnotes":""},"categories":[1],"tags":[],"class_list":["post-716","post","type-post","status-publish","format-standard","hentry","category-allgemein"],"jetpack_featured_media_url":"","jetpack_sharing_enabled":true,"_links":{"self":[{"href":"https:\/\/www.leben-atmen.com\/izmir\/wp-json\/wp\/v2\/posts\/716","targetHints":{"allow":["GET"]}}],"collection":[{"href":"https:\/\/www.leben-atmen.com\/izmir\/wp-json\/wp\/v2\/posts"}],"about":[{"href":"https:\/\/www.leben-atmen.com\/izmir\/wp-json\/wp\/v2\/types\/post"}],"author":[{"embeddable":true,"href":"https:\/\/www.leben-atmen.com\/izmir\/wp-json\/wp\/v2\/users\/3"}],"replies":[{"embeddable":true,"href":"https:\/\/www.leben-atmen.com\/izmir\/wp-json\/wp\/v2\/comments?post=716"}],"version-history":[{"count":0,"href":"https:\/\/www.leben-atmen.com\/izmir\/wp-json\/wp\/v2\/posts\/716\/revisions"}],"wp:attachment":[{"href":"https:\/\/www.leben-atmen.com\/izmir\/wp-json\/wp\/v2\/media?parent=716"}],"wp:term":[{"taxonomy":"category","embeddable":true,"href":"https:\/\/www.leben-atmen.com\/izmir\/wp-json\/wp\/v2\/categories?post=716"},{"taxonomy":"post_tag","embeddable":true,"href":"https:\/\/www.leben-atmen.com\/izmir\/wp-json\/wp\/v2\/tags?post=716"}],"curies":[{"name":"wp","href":"https:\/\/api.w.org\/{rel}","templated":true}]}}