{"id":707,"date":"2015-07-13T18:05:33","date_gmt":"2015-07-13T16:05:33","guid":{"rendered":"https:\/\/www.leben-atmen.com\/izmir\/?p=707"},"modified":"2015-07-13T18:05:33","modified_gmt":"2015-07-13T16:05:33","slug":"radfahrerglueck","status":"publish","type":"post","link":"https:\/\/www.leben-atmen.com\/izmir\/2015\/07\/13\/radfahrerglueck\/","title":{"rendered":"Radfahrergl\u00fcck"},"content":{"rendered":"<p>Manch einer von unseren Blog-Leserinnen und -Lesern haben sicher falsche Vorstellungen von einer Radreise, wie wir sie hier zeigen. Sicher, wir berichten viel via Fotos, Videos und Beitr\u00e4gen. Aber das eigentliche Erleben, das kommt vielleicht nicht richtig an.<\/p>\n<p>Eine Radreise unterscheidet sich wesentlich von einer Reise per Flugzeug, Auto, Motorrad kurz: von einer Reise, an dem das Ankommen wichtiger ist, das der Weg dorthin. Wenn man motorisiert eine Reise unternimmt, kommt man mehr oder minder schnell und ohne jegliche k\u00f6rperliche Anstrengung ans Ziel. Man ist v\u00f6llig woanders und die Ver\u00e4nderung von Klima, Kultur, Essen geht an einem vorbei.<\/p>\n<div>Auch bei mir setzt jedes Mal eine gewisse Verkl\u00e4rung, eine \u201eRomantisierung&#8220; des Ortes ein, an dem ich \u201egelandet\u201c bin. Ich will an dem Ort, der sich wie eine Insel anf\u00fchlt, tolle Erlebnisse haben. Ich schaue popul\u00e4re Pl\u00e4tze, Museen, Parks an und denke \u201eWow\u201c.<\/div>\n<div>Wenn ich mit dem Fahrrad dorthin fahre, dann sind gerade diese Ziele ein Graus. Also gro\u00dfe St\u00e4dte zum Beispiel wie Istanbul, Barcelona, Tirana, Rom. Oder Touristenziele wie Taormina (Sizilien), beliebte Str\u00e4nde oder Restaurants. Reise ich mit dem Flugzeug an, ist es alles toll (funktioniert wieder nach einer Radreise).<\/div>\n<div>Des Radfahrers Gl\u00fcck liegt im Unwesentlichen, ja scheinbar Unwichtigem. Ein kleines St\u00e4dtchen, irgendwo in Italien, ein Lokal, das nur Einheimische besuchen. Ein Museum, das keiner kennt und man zuf\u00e4llig daran vorbeikommt. Das Auffinden einer tollen und sauberen, ruhigen Pension, das Lachen der Herbergswirtin. Ein Gelati (je unbekannter das Dorf, desto leckerer)! Jeden Tag aufs Neue wird der Weg zum Erlebnis. Der eigene K\u00f6rper fasziniert, reagiert er doch auf klimatische und kulinarische Gegebenheiten unerwartet flexibel. Mit einem Satz zusammengefasst: Die Erlebnisse auf dem Weg sind f\u00fcr den Radfahrer Gl\u00fcck, nicht die Erlebnisse am Ziel oder Teilziel.<\/div>\n<div><a href=\"https:\/\/i0.wp.com\/www.leben-atmen.com\/wp-content\/blogs.dir\/6\/files\/2015\/07\/b4280be2636c85e73ac171a2dd32c26f.jpg?ssl=1\" data-rel=\"lightbox-image-0\" data-rl_title=\"\" data-rl_caption=\"\" title=\"\"><img data-recalc-dims=\"1\" decoding=\"async\" class=\"alignnone size-full\" src=\"https:\/\/i0.wp.com\/www.leben-atmen.com\/wp-content\/blogs.dir\/6\/files\/2015\/07\/b4280be2636c85e73ac171a2dd32c26f.jpg?w=584&#038;ssl=1\" alt=\"\" \/><\/a><\/div>\n","protected":false},"excerpt":{"rendered":"<p>Manch einer von unseren Blog-Leserinnen und -Lesern haben sicher falsche Vorstellungen von einer Radreise, wie wir sie hier zeigen. Sicher, wir berichten viel via Fotos, Videos und Beitr\u00e4gen. Aber das eigentliche Erleben, das kommt vielleicht nicht richtig an. Eine Radreise &hellip; <a href=\"https:\/\/www.leben-atmen.com\/izmir\/2015\/07\/13\/radfahrerglueck\/\">Weiterlesen <span class=\"meta-nav\">&rarr;<\/span><\/a><\/p>\n","protected":false},"author":2,"featured_media":0,"comment_status":"open","ping_status":"open","sticky":false,"template":"","format":"standard","meta":{"_jetpack_memberships_contains_paid_content":false,"footnotes":""},"categories":[1],"tags":[],"class_list":["post-707","post","type-post","status-publish","format-standard","hentry","category-allgemein"],"jetpack_featured_media_url":"","jetpack_sharing_enabled":true,"_links":{"self":[{"href":"https:\/\/www.leben-atmen.com\/izmir\/wp-json\/wp\/v2\/posts\/707","targetHints":{"allow":["GET"]}}],"collection":[{"href":"https:\/\/www.leben-atmen.com\/izmir\/wp-json\/wp\/v2\/posts"}],"about":[{"href":"https:\/\/www.leben-atmen.com\/izmir\/wp-json\/wp\/v2\/types\/post"}],"author":[{"embeddable":true,"href":"https:\/\/www.leben-atmen.com\/izmir\/wp-json\/wp\/v2\/users\/2"}],"replies":[{"embeddable":true,"href":"https:\/\/www.leben-atmen.com\/izmir\/wp-json\/wp\/v2\/comments?post=707"}],"version-history":[{"count":1,"href":"https:\/\/www.leben-atmen.com\/izmir\/wp-json\/wp\/v2\/posts\/707\/revisions"}],"predecessor-version":[{"id":709,"href":"https:\/\/www.leben-atmen.com\/izmir\/wp-json\/wp\/v2\/posts\/707\/revisions\/709"}],"wp:attachment":[{"href":"https:\/\/www.leben-atmen.com\/izmir\/wp-json\/wp\/v2\/media?parent=707"}],"wp:term":[{"taxonomy":"category","embeddable":true,"href":"https:\/\/www.leben-atmen.com\/izmir\/wp-json\/wp\/v2\/categories?post=707"},{"taxonomy":"post_tag","embeddable":true,"href":"https:\/\/www.leben-atmen.com\/izmir\/wp-json\/wp\/v2\/tags?post=707"}],"curies":[{"name":"wp","href":"https:\/\/api.w.org\/{rel}","templated":true}]}}