{"id":700,"date":"2015-07-13T14:05:43","date_gmt":"2015-07-13T12:05:43","guid":{"rendered":"https:\/\/www.leben-atmen.com\/izmir\/?p=700"},"modified":"2015-07-13T14:05:43","modified_gmt":"2015-07-13T12:05:43","slug":"weiter-direkt-am-meer-entlang","status":"publish","type":"post","link":"https:\/\/www.leben-atmen.com\/izmir\/2015\/07\/13\/weiter-direkt-am-meer-entlang\/","title":{"rendered":"Weiter direkt am Meer entlang"},"content":{"rendered":"<p>wir radeln an der Nordk\u00fcste des Peloponnes direkt am Meer. Parallel zu unserer Stra\u00dfe ist die Autobahn. So dass auf unserer Stra\u00dfe wenig Verkehr ist.<\/p>\n<p>Rechter Hand sind gewaltige Berge und links das Meer zu sehen.<\/p>\n<p>Einzig ein leichter Gegenwind st\u00f6rt die Harmonie beim Kurbeln.&nbsp;<\/p>\n<p>&nbsp;<a href=\"https:\/\/i0.wp.com\/www.leben-atmen.com\/wp-content\/blogs.dir\/6\/files\/2015\/07\/ada080a4532330d3a3565e5ce39dca77.jpg?ssl=1\" data-rel=\"lightbox-image-0\" data-rl_title=\"\" data-rl_caption=\"\" title=\"\"><img data-recalc-dims=\"1\" decoding=\"async\" src=\"https:\/\/i0.wp.com\/www.leben-atmen.com\/wp-content\/blogs.dir\/6\/files\/2015\/07\/ada080a4532330d3a3565e5ce39dca77.jpg?w=584&#038;ssl=1\" alt=\"\"><\/a>&nbsp;<\/p>\n","protected":false},"excerpt":{"rendered":"<p>wir radeln an der Nordk\u00fcste des Peloponnes direkt am Meer. Parallel zu unserer Stra\u00dfe ist die Autobahn. So dass auf unserer Stra\u00dfe wenig Verkehr ist. Rechter Hand sind gewaltige Berge und links das Meer zu sehen. Einzig ein leichter Gegenwind &hellip; <a href=\"https:\/\/www.leben-atmen.com\/izmir\/2015\/07\/13\/weiter-direkt-am-meer-entlang\/\">Weiterlesen <span class=\"meta-nav\">&rarr;<\/span><\/a><\/p>\n","protected":false},"author":3,"featured_media":0,"comment_status":"open","ping_status":"open","sticky":false,"template":"","format":"standard","meta":{"_jetpack_memberships_contains_paid_content":false,"footnotes":""},"categories":[1],"tags":[],"class_list":["post-700","post","type-post","status-publish","format-standard","hentry","category-allgemein"],"jetpack_featured_media_url":"","jetpack_sharing_enabled":true,"_links":{"self":[{"href":"https:\/\/www.leben-atmen.com\/izmir\/wp-json\/wp\/v2\/posts\/700","targetHints":{"allow":["GET"]}}],"collection":[{"href":"https:\/\/www.leben-atmen.com\/izmir\/wp-json\/wp\/v2\/posts"}],"about":[{"href":"https:\/\/www.leben-atmen.com\/izmir\/wp-json\/wp\/v2\/types\/post"}],"author":[{"embeddable":true,"href":"https:\/\/www.leben-atmen.com\/izmir\/wp-json\/wp\/v2\/users\/3"}],"replies":[{"embeddable":true,"href":"https:\/\/www.leben-atmen.com\/izmir\/wp-json\/wp\/v2\/comments?post=700"}],"version-history":[{"count":0,"href":"https:\/\/www.leben-atmen.com\/izmir\/wp-json\/wp\/v2\/posts\/700\/revisions"}],"wp:attachment":[{"href":"https:\/\/www.leben-atmen.com\/izmir\/wp-json\/wp\/v2\/media?parent=700"}],"wp:term":[{"taxonomy":"category","embeddable":true,"href":"https:\/\/www.leben-atmen.com\/izmir\/wp-json\/wp\/v2\/categories?post=700"},{"taxonomy":"post_tag","embeddable":true,"href":"https:\/\/www.leben-atmen.com\/izmir\/wp-json\/wp\/v2\/tags?post=700"}],"curies":[{"name":"wp","href":"https:\/\/api.w.org\/{rel}","templated":true}]}}