{"id":677,"date":"2015-07-12T09:05:35","date_gmt":"2015-07-12T07:05:35","guid":{"rendered":"https:\/\/www.leben-atmen.com\/izmir\/?p=677"},"modified":"2015-07-12T09:05:35","modified_gmt":"2015-07-12T07:05:35","slug":"sibels-sonntagsfruegstueck","status":"publish","type":"post","link":"https:\/\/www.leben-atmen.com\/izmir\/2015\/07\/12\/sibels-sonntagsfruegstueck\/","title":{"rendered":"Sibel&#8217;s Sonntagsfr\u00fcgst\u00fcck"},"content":{"rendered":"<p>In der Ferne l\u00e4uten die Kirchglocken, es ist ein herrlicher Sommermorgen, noch angenehm k\u00fchl, es weht eine leichte Brise und Sibel genie\u00dft ihr erstes Fr\u00fchst\u00fcck im Freien. Griechenland ist toll, Frauchen hat mit ihrem Mann auch schon tolle Urlaube auf den Inseln verbracht. Sibel will jetzt auch endlich ans Meer<\/p>\n<p>Ur<\/p>\n","protected":false},"excerpt":{"rendered":"<p>In der Ferne l\u00e4uten die Kirchglocken, es ist ein herrlicher Sommermorgen, noch angenehm k\u00fchl, es weht eine leichte Brise und Sibel genie\u00dft ihr erstes Fr\u00fchst\u00fcck im Freien. Griechenland ist toll, Frauchen hat mit ihrem Mann auch schon tolle Urlaube auf &hellip; <a href=\"https:\/\/www.leben-atmen.com\/izmir\/2015\/07\/12\/sibels-sonntagsfruegstueck\/\">Weiterlesen <span class=\"meta-nav\">&rarr;<\/span><\/a><\/p>\n","protected":false},"author":12,"featured_media":0,"comment_status":"open","ping_status":"open","sticky":false,"template":"","format":"standard","meta":{"_jetpack_memberships_contains_paid_content":false,"footnotes":""},"categories":[1],"tags":[],"class_list":["post-677","post","type-post","status-publish","format-standard","hentry","category-allgemein"],"jetpack_featured_media_url":"","jetpack_sharing_enabled":true,"_links":{"self":[{"href":"https:\/\/www.leben-atmen.com\/izmir\/wp-json\/wp\/v2\/posts\/677","targetHints":{"allow":["GET"]}}],"collection":[{"href":"https:\/\/www.leben-atmen.com\/izmir\/wp-json\/wp\/v2\/posts"}],"about":[{"href":"https:\/\/www.leben-atmen.com\/izmir\/wp-json\/wp\/v2\/types\/post"}],"author":[{"embeddable":true,"href":"https:\/\/www.leben-atmen.com\/izmir\/wp-json\/wp\/v2\/users\/12"}],"replies":[{"embeddable":true,"href":"https:\/\/www.leben-atmen.com\/izmir\/wp-json\/wp\/v2\/comments?post=677"}],"version-history":[{"count":1,"href":"https:\/\/www.leben-atmen.com\/izmir\/wp-json\/wp\/v2\/posts\/677\/revisions"}],"predecessor-version":[{"id":679,"href":"https:\/\/www.leben-atmen.com\/izmir\/wp-json\/wp\/v2\/posts\/677\/revisions\/679"}],"wp:attachment":[{"href":"https:\/\/www.leben-atmen.com\/izmir\/wp-json\/wp\/v2\/media?parent=677"}],"wp:term":[{"taxonomy":"category","embeddable":true,"href":"https:\/\/www.leben-atmen.com\/izmir\/wp-json\/wp\/v2\/categories?post=677"},{"taxonomy":"post_tag","embeddable":true,"href":"https:\/\/www.leben-atmen.com\/izmir\/wp-json\/wp\/v2\/tags?post=677"}],"curies":[{"name":"wp","href":"https:\/\/api.w.org\/{rel}","templated":true}]}}