{"id":674,"date":"2015-07-11T17:54:36","date_gmt":"2015-07-11T15:54:36","guid":{"rendered":"https:\/\/www.leben-atmen.com\/izmir\/?p=674"},"modified":"2015-07-11T18:01:49","modified_gmt":"2015-07-11T16:01:49","slug":"einige-eindruecke-von-der-app-leben-atmen-izmir","status":"publish","type":"post","link":"https:\/\/www.leben-atmen.com\/izmir\/2015\/07\/11\/einige-eindruecke-von-der-app-leben-atmen-izmir\/","title":{"rendered":"Einige Eindr\u00fccke von der App &#8222;Leben atmen &#8211; Izmir&#8220;"},"content":{"rendered":"<p>&#8230; vor allem f\u00fcr diejenigen, die uns mit einem Browser und \u00fcber das Internet begleiten.<\/p>\n<p>In der App sieht man beispielsweise metergenau, wo wir geradelt sind oder wo exakt die Fotos mit dem iPhone geschossen wurden. Zudem gibt es eine detaillierte Strecken\u00fcbersicht und eine Zeitleiste, in der alle Beitr\u00e4ge gelistet sind.<\/p>\n<p>Viel Freude weiterhin mit unserer Tour \ud83d\ude42<\/p>\n<p>PS: und wir freuen uns \u00fcber jeden Kommentar zu unseren Beitr\u00e4gen.<\/p>\n<p><a href=\"https:\/\/i0.wp.com\/www.leben-atmen.com\/wp-content\/blogs.dir\/6\/files\/2015\/07\/750668d94b1ae1b4895fca6c96588422.png?ssl=1\" data-rel=\"lightbox-image-0\" data-rl_title=\"\" data-rl_caption=\"\" title=\"\"><img data-recalc-dims=\"1\" decoding=\"async\" class=\"alignnone size-full\" src=\"https:\/\/i0.wp.com\/www.leben-atmen.com\/wp-content\/blogs.dir\/6\/files\/2015\/07\/750668d94b1ae1b4895fca6c96588422.png?w=584&#038;ssl=1\" alt=\"\" \/><\/a><\/p>\n<p><a href=\"https:\/\/i0.wp.com\/www.leben-atmen.com\/wp-content\/blogs.dir\/6\/files\/2015\/07\/b6c9a8bb5d4d2d5b8bbb1b45d2512a44.png?ssl=1\" data-rel=\"lightbox-image-1\" data-rl_title=\"\" data-rl_caption=\"\" title=\"\"><img data-recalc-dims=\"1\" decoding=\"async\" class=\"alignnone size-full\" src=\"https:\/\/i0.wp.com\/www.leben-atmen.com\/wp-content\/blogs.dir\/6\/files\/2015\/07\/b6c9a8bb5d4d2d5b8bbb1b45d2512a44.png?w=584&#038;ssl=1\" alt=\"\" \/><\/a><\/p>\n<p><a href=\"https:\/\/i0.wp.com\/www.leben-atmen.com\/wp-content\/blogs.dir\/6\/files\/2015\/07\/16eba73d30de4005ed852baa0b4420ae.png?ssl=1\" data-rel=\"lightbox-image-2\" data-rl_title=\"\" data-rl_caption=\"\" title=\"\"><img data-recalc-dims=\"1\" decoding=\"async\" class=\"alignnone size-full\" src=\"https:\/\/i0.wp.com\/www.leben-atmen.com\/wp-content\/blogs.dir\/6\/files\/2015\/07\/16eba73d30de4005ed852baa0b4420ae.png?w=584&#038;ssl=1\" alt=\"\" \/><\/a><\/p>\n<p><a href=\"https:\/\/i0.wp.com\/www.leben-atmen.com\/wp-content\/blogs.dir\/6\/files\/2015\/07\/f6620f5a85d7f050d71cba8d538d8d42.png?ssl=1\" data-rel=\"lightbox-image-3\" data-rl_title=\"\" data-rl_caption=\"\" title=\"\"><img data-recalc-dims=\"1\" decoding=\"async\" class=\"alignnone size-full\" src=\"https:\/\/i0.wp.com\/www.leben-atmen.com\/wp-content\/blogs.dir\/6\/files\/2015\/07\/f6620f5a85d7f050d71cba8d538d8d42.png?w=584&#038;ssl=1\" alt=\"\" \/><\/a><\/p>\n","protected":false},"excerpt":{"rendered":"<p>&#8230; vor allem f\u00fcr diejenigen, die uns mit einem Browser und \u00fcber das Internet begleiten. In der App sieht man beispielsweise metergenau, wo wir geradelt sind oder wo exakt die Fotos mit dem iPhone geschossen wurden. Zudem gibt es eine &hellip; <a href=\"https:\/\/www.leben-atmen.com\/izmir\/2015\/07\/11\/einige-eindruecke-von-der-app-leben-atmen-izmir\/\">Weiterlesen <span class=\"meta-nav\">&rarr;<\/span><\/a><\/p>\n","protected":false},"author":3,"featured_media":0,"comment_status":"open","ping_status":"open","sticky":false,"template":"","format":"standard","meta":{"_jetpack_memberships_contains_paid_content":false,"footnotes":""},"categories":[1],"tags":[],"class_list":["post-674","post","type-post","status-publish","format-standard","hentry","category-allgemein"],"jetpack_featured_media_url":"","jetpack_sharing_enabled":true,"_links":{"self":[{"href":"https:\/\/www.leben-atmen.com\/izmir\/wp-json\/wp\/v2\/posts\/674","targetHints":{"allow":["GET"]}}],"collection":[{"href":"https:\/\/www.leben-atmen.com\/izmir\/wp-json\/wp\/v2\/posts"}],"about":[{"href":"https:\/\/www.leben-atmen.com\/izmir\/wp-json\/wp\/v2\/types\/post"}],"author":[{"embeddable":true,"href":"https:\/\/www.leben-atmen.com\/izmir\/wp-json\/wp\/v2\/users\/3"}],"replies":[{"embeddable":true,"href":"https:\/\/www.leben-atmen.com\/izmir\/wp-json\/wp\/v2\/comments?post=674"}],"version-history":[{"count":1,"href":"https:\/\/www.leben-atmen.com\/izmir\/wp-json\/wp\/v2\/posts\/674\/revisions"}],"predecessor-version":[{"id":675,"href":"https:\/\/www.leben-atmen.com\/izmir\/wp-json\/wp\/v2\/posts\/674\/revisions\/675"}],"wp:attachment":[{"href":"https:\/\/www.leben-atmen.com\/izmir\/wp-json\/wp\/v2\/media?parent=674"}],"wp:term":[{"taxonomy":"category","embeddable":true,"href":"https:\/\/www.leben-atmen.com\/izmir\/wp-json\/wp\/v2\/categories?post=674"},{"taxonomy":"post_tag","embeddable":true,"href":"https:\/\/www.leben-atmen.com\/izmir\/wp-json\/wp\/v2\/tags?post=674"}],"curies":[{"name":"wp","href":"https:\/\/api.w.org\/{rel}","templated":true}]}}