{"id":662,"date":"2015-07-11T13:32:58","date_gmt":"2015-07-11T11:32:58","guid":{"rendered":"https:\/\/www.leben-atmen.com\/izmir\/?p=662"},"modified":"2015-07-11T13:32:58","modified_gmt":"2015-07-11T11:32:58","slug":"sibel-liebt-heidelbeerkuchen","status":"publish","type":"post","link":"https:\/\/www.leben-atmen.com\/izmir\/2015\/07\/11\/sibel-liebt-heidelbeerkuchen\/","title":{"rendered":"Sibel liebt Heidelbeerkuchen"},"content":{"rendered":"<p>Sibel hat sich diese Woche ein bisschen rar gemacht. Aber das liegt daran, dass ihr Frauchen sie in den Tiefen ihrer Tasche vergraben und vergessen hat. Das ist doch echt ein Skandal. Heute durfte sie nun beim Backen helfen, und es hat ihr richtig Spa\u00df gemacht. Au\u00dferdem freut sie sich, dass Ihr dieses Jahr so eine tolle Tour macht, mit so tollem Wetter. Weiterhin sch\u00f6ne Erlebnisse.<br \/>\n&nbsp;<a href=\"https:\/\/i0.wp.com\/www.leben-atmen.com\/wp-content\/blogs.dir\/6\/files\/2015\/07\/d77441b1a33a9ed054323f85446af04f.jpg?ssl=1\" data-rel=\"lightbox-image-0\" data-rl_title=\"\" data-rl_caption=\"\" title=\"\"><img data-recalc-dims=\"1\" decoding=\"async\" src=\"https:\/\/i0.wp.com\/www.leben-atmen.com\/wp-content\/blogs.dir\/6\/files\/2015\/07\/d77441b1a33a9ed054323f85446af04f.jpg?w=584&#038;ssl=1\" alt=\"\"><\/a>&nbsp;<\/p>\n","protected":false},"excerpt":{"rendered":"<p>Sibel hat sich diese Woche ein bisschen rar gemacht. Aber das liegt daran, dass ihr Frauchen sie in den Tiefen ihrer Tasche vergraben und vergessen hat. Das ist doch echt ein Skandal. Heute durfte sie nun beim Backen helfen, und &hellip; <a href=\"https:\/\/www.leben-atmen.com\/izmir\/2015\/07\/11\/sibel-liebt-heidelbeerkuchen\/\">Weiterlesen <span class=\"meta-nav\">&rarr;<\/span><\/a><\/p>\n","protected":false},"author":12,"featured_media":0,"comment_status":"open","ping_status":"open","sticky":false,"template":"","format":"standard","meta":{"_jetpack_memberships_contains_paid_content":false,"footnotes":""},"categories":[1],"tags":[],"class_list":["post-662","post","type-post","status-publish","format-standard","hentry","category-allgemein"],"jetpack_featured_media_url":"","jetpack_sharing_enabled":true,"_links":{"self":[{"href":"https:\/\/www.leben-atmen.com\/izmir\/wp-json\/wp\/v2\/posts\/662","targetHints":{"allow":["GET"]}}],"collection":[{"href":"https:\/\/www.leben-atmen.com\/izmir\/wp-json\/wp\/v2\/posts"}],"about":[{"href":"https:\/\/www.leben-atmen.com\/izmir\/wp-json\/wp\/v2\/types\/post"}],"author":[{"embeddable":true,"href":"https:\/\/www.leben-atmen.com\/izmir\/wp-json\/wp\/v2\/users\/12"}],"replies":[{"embeddable":true,"href":"https:\/\/www.leben-atmen.com\/izmir\/wp-json\/wp\/v2\/comments?post=662"}],"version-history":[{"count":0,"href":"https:\/\/www.leben-atmen.com\/izmir\/wp-json\/wp\/v2\/posts\/662\/revisions"}],"wp:attachment":[{"href":"https:\/\/www.leben-atmen.com\/izmir\/wp-json\/wp\/v2\/media?parent=662"}],"wp:term":[{"taxonomy":"category","embeddable":true,"href":"https:\/\/www.leben-atmen.com\/izmir\/wp-json\/wp\/v2\/categories?post=662"},{"taxonomy":"post_tag","embeddable":true,"href":"https:\/\/www.leben-atmen.com\/izmir\/wp-json\/wp\/v2\/tags?post=662"}],"curies":[{"name":"wp","href":"https:\/\/api.w.org\/{rel}","templated":true}]}}