{"id":626,"date":"2015-07-09T18:26:27","date_gmt":"2015-07-09T16:26:27","guid":{"rendered":"https:\/\/www.leben-atmen.com\/izmir\/?p=626"},"modified":"2015-07-09T18:26:27","modified_gmt":"2015-07-09T16:26:27","slug":"heimat","status":"publish","type":"post","link":"https:\/\/www.leben-atmen.com\/izmir\/2015\/07\/09\/heimat\/","title":{"rendered":"Heimat"},"content":{"rendered":"<p>\u201eIch liebe Deutsch!\u201c Zwei braune Augen sehen mich an, leuchten, werden feucht. Mir gegen\u00fcber steht eine kleine dickliche griechische Frau mit schlechten Z\u00e4hnen, deutlich j\u00fcnger als ich, vielleicht 35 Jahre alt. Sie spricht akzentfreies Deutsch. Wir stehen in einer Bar und sie bedient uns. Toni fragt sie, woher sie so gut deutsch kann. Und dann erz\u00e4hlt sie ihre Geschichte in ein paar S\u00e4tzen. Sie sei in Deutschland geboren, sagt sie, aber mit 15 kehrte sie zur\u00fcck. Ja, und nun sei sie verheiratet, zwei Kinder. Eine R\u00fcckkehr in \u201eihre\u201c Heimat unm\u00f6glich. Aber es war ihre Heimat!<\/p>\n<div>Ich stelle mir nach unserem Besuch in der Bar lebhaft vor, wie das war, als sie, mitten in der Pubert\u00e4t und gef\u00fchlt eine deutsche Jugendliche, integriert; die Eltern, Vollgriechen, wollten &#8211; verst\u00e4ndlicherweise &#8211; nach getaner Gastarbeit wieder in ihre Heimat &#8211; nicht zuletzt aus Heimweh &#8211; zur\u00fcckkehren. Dieses Drama, das sich abspielt, das Seelenleid, das diese Kinder mitmachen, mitmachen m\u00fcssen\u2026<\/div>\n<div>Wir h\u00f6ren diese Geschichte sehr oft, sie ist kein Einzelfall. Insbesondere die T\u00fcrken praktizieren das so: Bevor die Kinder selbst entscheiden k\u00f6nnen, ob sie in Deutschland bleiben wollen oder nicht, gehen sie zur\u00fcck in &#8211; ihre &#8211; Heimat und verbauen ihren Kindern (ich unterstelle mal -auch mit Absicht, denn es meist kurz vor dem 18ten Geburtstag), oft die R\u00fcckkehr. Und die Kinder, einmal erwachsen, bekommen feuchte Augen, wenn sie ihre Muttersprache h\u00f6ren\u2026Tja, und das r\u00fchrt mich eben manchmal an.<\/div>\n","protected":false},"excerpt":{"rendered":"<p>\u201eIch liebe Deutsch!\u201c Zwei braune Augen sehen mich an, leuchten, werden feucht. Mir gegen\u00fcber steht eine kleine dickliche griechische Frau mit schlechten Z\u00e4hnen, deutlich j\u00fcnger als ich, vielleicht 35 Jahre alt. Sie spricht akzentfreies Deutsch. Wir stehen in einer Bar &hellip; <a href=\"https:\/\/www.leben-atmen.com\/izmir\/2015\/07\/09\/heimat\/\">Weiterlesen <span class=\"meta-nav\">&rarr;<\/span><\/a><\/p>\n","protected":false},"author":2,"featured_media":0,"comment_status":"open","ping_status":"open","sticky":false,"template":"","format":"standard","meta":{"_jetpack_memberships_contains_paid_content":false,"footnotes":""},"categories":[1],"tags":[],"class_list":["post-626","post","type-post","status-publish","format-standard","hentry","category-allgemein"],"jetpack_featured_media_url":"","jetpack_sharing_enabled":true,"_links":{"self":[{"href":"https:\/\/www.leben-atmen.com\/izmir\/wp-json\/wp\/v2\/posts\/626","targetHints":{"allow":["GET"]}}],"collection":[{"href":"https:\/\/www.leben-atmen.com\/izmir\/wp-json\/wp\/v2\/posts"}],"about":[{"href":"https:\/\/www.leben-atmen.com\/izmir\/wp-json\/wp\/v2\/types\/post"}],"author":[{"embeddable":true,"href":"https:\/\/www.leben-atmen.com\/izmir\/wp-json\/wp\/v2\/users\/2"}],"replies":[{"embeddable":true,"href":"https:\/\/www.leben-atmen.com\/izmir\/wp-json\/wp\/v2\/comments?post=626"}],"version-history":[{"count":1,"href":"https:\/\/www.leben-atmen.com\/izmir\/wp-json\/wp\/v2\/posts\/626\/revisions"}],"predecessor-version":[{"id":627,"href":"https:\/\/www.leben-atmen.com\/izmir\/wp-json\/wp\/v2\/posts\/626\/revisions\/627"}],"wp:attachment":[{"href":"https:\/\/www.leben-atmen.com\/izmir\/wp-json\/wp\/v2\/media?parent=626"}],"wp:term":[{"taxonomy":"category","embeddable":true,"href":"https:\/\/www.leben-atmen.com\/izmir\/wp-json\/wp\/v2\/categories?post=626"},{"taxonomy":"post_tag","embeddable":true,"href":"https:\/\/www.leben-atmen.com\/izmir\/wp-json\/wp\/v2\/tags?post=626"}],"curies":[{"name":"wp","href":"https:\/\/api.w.org\/{rel}","templated":true}]}}