{"id":611,"date":"2015-07-08T20:21:55","date_gmt":"2015-07-08T18:21:55","guid":{"rendered":"https:\/\/www.leben-atmen.com\/izmir\/?p=611"},"modified":"2015-07-08T20:21:55","modified_gmt":"2015-07-08T18:21:55","slug":"arriverdierci-bella-italia","status":"publish","type":"post","link":"https:\/\/www.leben-atmen.com\/izmir\/2015\/07\/08\/arriverdierci-bella-italia\/","title":{"rendered":"Arriverdierci Bella Italia"},"content":{"rendered":"<p>uU<\/p>\n<p>nd so verlassen wir das sch\u00f6ne Italien. Wir sind ein bisschen traurig, aber nat\u00fcrlich gespannt was die n\u00e4chsten Tage an Abenteuern bringen wird.&nbsp;auf alle F\u00e4lle kommen wir wieder! Ciao Italia, molto Amore!!<\/p>\n<p>&nbsp;<a href=\"https:\/\/i0.wp.com\/www.leben-atmen.com\/wp-content\/blogs.dir\/6\/files\/2015\/07\/662ef60a6da794f1d5470840e9f697ec.jpg?ssl=1\" data-rel=\"lightbox-image-0\" data-rl_title=\"\" data-rl_caption=\"\" title=\"\"><img data-recalc-dims=\"1\" decoding=\"async\" src=\"https:\/\/i0.wp.com\/www.leben-atmen.com\/wp-content\/blogs.dir\/6\/files\/2015\/07\/662ef60a6da794f1d5470840e9f697ec.jpg?w=584&#038;ssl=1\" alt=\"\"><\/a>&nbsp;<\/p>\n","protected":false},"excerpt":{"rendered":"<p>uU nd so verlassen wir das sch\u00f6ne Italien. Wir sind ein bisschen traurig, aber nat\u00fcrlich gespannt was die n\u00e4chsten Tage an Abenteuern bringen wird.&nbsp;auf alle F\u00e4lle kommen wir wieder! Ciao Italia, molto Amore!! &nbsp;&nbsp;<\/p>\n","protected":false},"author":2,"featured_media":0,"comment_status":"open","ping_status":"open","sticky":false,"template":"","format":"standard","meta":{"_jetpack_memberships_contains_paid_content":false,"footnotes":""},"categories":[1],"tags":[],"class_list":["post-611","post","type-post","status-publish","format-standard","hentry","category-allgemein"],"jetpack_featured_media_url":"","jetpack_sharing_enabled":true,"_links":{"self":[{"href":"https:\/\/www.leben-atmen.com\/izmir\/wp-json\/wp\/v2\/posts\/611","targetHints":{"allow":["GET"]}}],"collection":[{"href":"https:\/\/www.leben-atmen.com\/izmir\/wp-json\/wp\/v2\/posts"}],"about":[{"href":"https:\/\/www.leben-atmen.com\/izmir\/wp-json\/wp\/v2\/types\/post"}],"author":[{"embeddable":true,"href":"https:\/\/www.leben-atmen.com\/izmir\/wp-json\/wp\/v2\/users\/2"}],"replies":[{"embeddable":true,"href":"https:\/\/www.leben-atmen.com\/izmir\/wp-json\/wp\/v2\/comments?post=611"}],"version-history":[{"count":0,"href":"https:\/\/www.leben-atmen.com\/izmir\/wp-json\/wp\/v2\/posts\/611\/revisions"}],"wp:attachment":[{"href":"https:\/\/www.leben-atmen.com\/izmir\/wp-json\/wp\/v2\/media?parent=611"}],"wp:term":[{"taxonomy":"category","embeddable":true,"href":"https:\/\/www.leben-atmen.com\/izmir\/wp-json\/wp\/v2\/categories?post=611"},{"taxonomy":"post_tag","embeddable":true,"href":"https:\/\/www.leben-atmen.com\/izmir\/wp-json\/wp\/v2\/tags?post=611"}],"curies":[{"name":"wp","href":"https:\/\/api.w.org\/{rel}","templated":true}]}}