{"id":562,"date":"2015-07-05T23:03:47","date_gmt":"2015-07-05T21:03:47","guid":{"rendered":"https:\/\/www.leben-atmen.com\/izmir\/?p=562"},"modified":"2015-07-05T23:03:47","modified_gmt":"2015-07-05T21:03:47","slug":"ravenna-bis-rimini-weniger-deutsche","status":"publish","type":"post","link":"https:\/\/www.leben-atmen.com\/izmir\/2015\/07\/05\/ravenna-bis-rimini-weniger-deutsche\/","title":{"rendered":"Ravenna bis Rimini &#8211; weniger Deutsche?"},"content":{"rendered":"<p>Wir fahren den ganzen Tag am Meer entlang und treffen keinen einzigen Deutschen. Es ist Wochenende, die Italiener haben alles eingenommen, Strand, Bars, Parkpl\u00e4tze. Sie sind unter sich. Es f\u00fchlt sich so an, als ob die Deutschen hier keinen Urlaub mehr machen (m\u00f6chten). Es ist Juli! Nun, vielleicht fehlen noch die Urlauber der Bundesl\u00e4nder Baden-W\u00fcrttemberg und Bayern? Mittlerweile sind es schon fast zwei Generationen nach mir, die als Kinder hier ihren Urlaub verbringen k\u00f6nnten. Zu meiner Zeit waren auch viele Norddeutsche da\u00a0und genossen Sonne, Sand und Meer.<\/p>\n<div>Einerseits finde ich es gut, dass Italien authentischer, italinenischer geworden ist. Nicht mehr \u201eMan spricht Deutsch\u201c, sondern \u201eParla Italiano\u201c! Kein Snitzel mit Pommes sondern Antipasti, Carne, Gelati! Aber f\u00fcr die Italiener ist es sicher ein \u2013 zumindest \u2013 finanzieller Verlust, dass \u201ewir\u201c nicht mehr kommen. Unz\u00e4hlige Betonbauten sind verlassen, Hotels verschlossen, Fassaden ungepflegt, Ferienwohnungen leerstehend. Offen gestanden finde ich es h\u00e4sslich, links der Strand (toll, breit, wei\u00df, gepflegt), zugestellt mit Sonnenschirmen, die Stra\u00dfe, auf der wir fahren, und viele stinkende\u00a0Autos mit uns \u2013 rechts von uns Hotels und Ramschl\u00e4den ohne Baum und Strauch, und das, soweit das Auge reicht. Es ist aber nicht viel anders wie \u00fcberall an Europas Str\u00e4nden. (Es ist aber sehr sauber und gepflegt.)<\/div>\n<div>Wo macht denn der Deutsche dann Urlaub? Vor zwei Tagen rief ein Gesch\u00e4ftskollege an und verabschiedete sich f\u00fcr zehn Tage in Urlaub: Bali&#8230; Wahnsinn! F\u00fcr so wenig Zeit so einen weiten Weg plus Zeitverschiebung in Kauf zu nehmen? Wo man hier doch das gleiche erh\u00e4lt: Sonne, wei\u00dfen Sand, Alkohol, Party und Meer\u2026<\/div>\n<div>Nun, vielleicht suchen wir Deutschen immer noch nach dem letzten Paradies auf Erden. Ich habe schon viel gesehen, und ich stelle fest, dass, wo auch immer wir Deutschen auftauchen, uns ein Betonparadies mit allen Annehmlichkeiten des urbanen Lebens hingestellt wird, ob das nun Jesolo, C\u00f4te d\u2019Azur, Caorle, Rimini, Kreta, Mykonos, Teneriffa oder Antalya ist. Und wenn alles fertig zubetoniert ist, gef\u00e4llt es uns nicht mehr, weil es n\u00e4mlich kein Paradies mehr ist und wir fahren nicht mehr hin, suchen woanders.<\/div>\n<div>Schade um die K\u00fcsten auf Bali, Langkawi, Malediven, Seychellen, Albanien, Neuseeland&#8230;<\/div>\n<div><a href=\"https:\/\/i0.wp.com\/www.leben-atmen.com\/wp-content\/blogs.dir\/6\/files\/2015\/07\/49c9920edaabe79a30737b7a6157b040.jpg?ssl=1\" data-rel=\"lightbox-image-0\" data-rl_title=\"\" data-rl_caption=\"\" title=\"\"><img data-recalc-dims=\"1\" decoding=\"async\" class=\"alignnone size-full\" src=\"https:\/\/i0.wp.com\/www.leben-atmen.com\/wp-content\/blogs.dir\/6\/files\/2015\/07\/49c9920edaabe79a30737b7a6157b040.jpg?w=584&#038;ssl=1\" alt=\"\" \/><\/a><\/div>\n","protected":false},"excerpt":{"rendered":"<p>Wir fahren den ganzen Tag am Meer entlang und treffen keinen einzigen Deutschen. Es ist Wochenende, die Italiener haben alles eingenommen, Strand, Bars, Parkpl\u00e4tze. Sie sind unter sich. Es f\u00fchlt sich so an, als ob die Deutschen hier keinen Urlaub &hellip; <a href=\"https:\/\/www.leben-atmen.com\/izmir\/2015\/07\/05\/ravenna-bis-rimini-weniger-deutsche\/\">Weiterlesen <span class=\"meta-nav\">&rarr;<\/span><\/a><\/p>\n","protected":false},"author":2,"featured_media":0,"comment_status":"open","ping_status":"open","sticky":false,"template":"","format":"standard","meta":{"_jetpack_memberships_contains_paid_content":false,"footnotes":""},"categories":[1],"tags":[],"class_list":["post-562","post","type-post","status-publish","format-standard","hentry","category-allgemein"],"jetpack_featured_media_url":"","jetpack_sharing_enabled":true,"_links":{"self":[{"href":"https:\/\/www.leben-atmen.com\/izmir\/wp-json\/wp\/v2\/posts\/562","targetHints":{"allow":["GET"]}}],"collection":[{"href":"https:\/\/www.leben-atmen.com\/izmir\/wp-json\/wp\/v2\/posts"}],"about":[{"href":"https:\/\/www.leben-atmen.com\/izmir\/wp-json\/wp\/v2\/types\/post"}],"author":[{"embeddable":true,"href":"https:\/\/www.leben-atmen.com\/izmir\/wp-json\/wp\/v2\/users\/2"}],"replies":[{"embeddable":true,"href":"https:\/\/www.leben-atmen.com\/izmir\/wp-json\/wp\/v2\/comments?post=562"}],"version-history":[{"count":1,"href":"https:\/\/www.leben-atmen.com\/izmir\/wp-json\/wp\/v2\/posts\/562\/revisions"}],"predecessor-version":[{"id":565,"href":"https:\/\/www.leben-atmen.com\/izmir\/wp-json\/wp\/v2\/posts\/562\/revisions\/565"}],"wp:attachment":[{"href":"https:\/\/www.leben-atmen.com\/izmir\/wp-json\/wp\/v2\/media?parent=562"}],"wp:term":[{"taxonomy":"category","embeddable":true,"href":"https:\/\/www.leben-atmen.com\/izmir\/wp-json\/wp\/v2\/categories?post=562"},{"taxonomy":"post_tag","embeddable":true,"href":"https:\/\/www.leben-atmen.com\/izmir\/wp-json\/wp\/v2\/tags?post=562"}],"curies":[{"name":"wp","href":"https:\/\/api.w.org\/{rel}","templated":true}]}}