{"id":536,"date":"2015-07-04T18:43:48","date_gmt":"2015-07-04T16:43:48","guid":{"rendered":"https:\/\/www.leben-atmen.com\/izmir\/?p=536"},"modified":"2015-07-04T18:45:55","modified_gmt":"2015-07-04T16:45:55","slug":"radwege-in-italien","status":"publish","type":"post","link":"https:\/\/www.leben-atmen.com\/izmir\/2015\/07\/04\/radwege-in-italien\/","title":{"rendered":"Radwege in Italien"},"content":{"rendered":"<p>Nun ja, abgesehen von dieser Hitze, die zur Zeit \u00fcber dieser Region herrscht, ist das schon toll mit den Radwegen an der Ostk\u00fcste Italiens. Sind sie doch gut ausgeschildert und nahezu frei von Verkehr. Heute f\u00fchrte der Weg in tolle Naturschutzgebiete.<\/p>\n<p>Allerdings dienen sie wohl eher zur lokalen touristischen Attraktion, denn als zusammenh\u00e4ngender Fernradweg. Obwohl ausgeschrieben (z.B. Ravenna\/Venedig als Fernziel) geht es oft im Zick Zack durch die Landschaft. Statt 50 Kilometer f\u00e4hrt man 75. Das ist mal eine Sache. Die andere ist, dass es heute keinerlei Infrastruktur f\u00fcr den Radfahrer gab. Also hatten wir bis 14.30 Uhr keine Versorgungsm\u00f6glichkeit.<\/p>\n<div>Man hat die Wahl: entweder man wird auf einer SS 309 von einem Lastwagen zerquetscht \u00a0oder man verdurstet und vertrocknet, wie heute mittag der Vogelleichnam auf dem Deich in der Saline.<\/div>\n<div>Nun, nat\u00fcrlich \u00fcbertreibe ich ma\u00dflos. Der Mensch h\u00e4lt viel aus, viel mehr als man denkt! Aber trotzdem k\u00f6nnten sich die Italiener etwas mehr M\u00fche mit der Radinfrastruktur geben, denn ich finde, es reicht einfach nicht, nur gut auszuschildern. Denn ich denke, wir, also diese\u00a0Spezies Radfahrer sind \u201egute\u201c Touristen und Geldeinnahmequellen, brauchen wir doch st\u00e4ndig irgendwas. Naja, sie arbeiten daran, das ist das Wichtigste!<\/div>\n<div><a href=\"https:\/\/i0.wp.com\/www.leben-atmen.com\/wp-content\/blogs.dir\/6\/files\/2015\/07\/Deich_Saline.jpg?ssl=1\" data-rel=\"lightbox-image-0\" data-rl_title=\"\" data-rl_caption=\"\" title=\"\"><img data-recalc-dims=\"1\" decoding=\"async\" class=\"alignnone size-full\" src=\"https:\/\/i0.wp.com\/www.leben-atmen.com\/wp-content\/blogs.dir\/6\/files\/2015\/07\/Deich_Saline.jpg?w=584&#038;ssl=1\" alt=\"\" \/><\/a> <a href=\"https:\/\/i0.wp.com\/www.leben-atmen.com\/wp-content\/blogs.dir\/6\/files\/2015\/07\/Vogelvorkommen.jpg?ssl=1\" data-rel=\"lightbox-image-1\" data-rl_title=\"\" data-rl_caption=\"\" title=\"\"><img data-recalc-dims=\"1\" decoding=\"async\" class=\"alignnone size-full\" src=\"https:\/\/i0.wp.com\/www.leben-atmen.com\/wp-content\/blogs.dir\/6\/files\/2015\/07\/Vogelvorkommen.jpg?w=584&#038;ssl=1\" alt=\"\" \/><\/a><\/div>\n","protected":false},"excerpt":{"rendered":"<p>Nun ja, abgesehen von dieser Hitze, die zur Zeit \u00fcber dieser Region herrscht, ist das schon toll mit den Radwegen an der Ostk\u00fcste Italiens. Sind sie doch gut ausgeschildert und nahezu frei von Verkehr. Heute f\u00fchrte der Weg in tolle &hellip; <a href=\"https:\/\/www.leben-atmen.com\/izmir\/2015\/07\/04\/radwege-in-italien\/\">Weiterlesen <span class=\"meta-nav\">&rarr;<\/span><\/a><\/p>\n","protected":false},"author":2,"featured_media":0,"comment_status":"open","ping_status":"open","sticky":false,"template":"","format":"standard","meta":{"_jetpack_memberships_contains_paid_content":false,"footnotes":""},"categories":[1],"tags":[],"class_list":["post-536","post","type-post","status-publish","format-standard","hentry","category-allgemein"],"jetpack_featured_media_url":"","jetpack_sharing_enabled":true,"_links":{"self":[{"href":"https:\/\/www.leben-atmen.com\/izmir\/wp-json\/wp\/v2\/posts\/536","targetHints":{"allow":["GET"]}}],"collection":[{"href":"https:\/\/www.leben-atmen.com\/izmir\/wp-json\/wp\/v2\/posts"}],"about":[{"href":"https:\/\/www.leben-atmen.com\/izmir\/wp-json\/wp\/v2\/types\/post"}],"author":[{"embeddable":true,"href":"https:\/\/www.leben-atmen.com\/izmir\/wp-json\/wp\/v2\/users\/2"}],"replies":[{"embeddable":true,"href":"https:\/\/www.leben-atmen.com\/izmir\/wp-json\/wp\/v2\/comments?post=536"}],"version-history":[{"count":1,"href":"https:\/\/www.leben-atmen.com\/izmir\/wp-json\/wp\/v2\/posts\/536\/revisions"}],"predecessor-version":[{"id":539,"href":"https:\/\/www.leben-atmen.com\/izmir\/wp-json\/wp\/v2\/posts\/536\/revisions\/539"}],"wp:attachment":[{"href":"https:\/\/www.leben-atmen.com\/izmir\/wp-json\/wp\/v2\/media?parent=536"}],"wp:term":[{"taxonomy":"category","embeddable":true,"href":"https:\/\/www.leben-atmen.com\/izmir\/wp-json\/wp\/v2\/categories?post=536"},{"taxonomy":"post_tag","embeddable":true,"href":"https:\/\/www.leben-atmen.com\/izmir\/wp-json\/wp\/v2\/tags?post=536"}],"curies":[{"name":"wp","href":"https:\/\/api.w.org\/{rel}","templated":true}]}}