{"id":524,"date":"2015-07-04T14:03:28","date_gmt":"2015-07-04T12:03:28","guid":{"rendered":"https:\/\/www.leben-atmen.com\/izmir\/?p=524"},"modified":"2015-07-04T14:03:28","modified_gmt":"2015-07-04T12:03:28","slug":"was-soll-man-bei-dieser-hitze-eigentlich-trinken","status":"publish","type":"post","link":"https:\/\/www.leben-atmen.com\/izmir\/2015\/07\/04\/was-soll-man-bei-dieser-hitze-eigentlich-trinken\/","title":{"rendered":"Was soll man bei dieser Hitze eigentlich trinken?"},"content":{"rendered":"<p>k\u00f6nnt ihr uns mal Tipps geben, was ihr bei der einer derartigen Hitze so zu euch nehmt?<br \/>\nWir<\/p>\n<p>k\u00f6nnt ihr uns mal Tipps geben, was ihr bei der einer derartigen Hitze so zu euch nehmt?<\/p>\n<p>Wir trinken haupts\u00e4chlich Wasser und Wasser mit Gas. Manchmal aber &nbsp; Cola. Aber das Zeug ist so s\u00fc\u00df dass man es auf die Dauer nicht wirklich genie\u00dfen kann.<br \/>\nWie ist euer Tipp?<\/p>\n","protected":false},"excerpt":{"rendered":"<p>k\u00f6nnt ihr uns mal Tipps geben, was ihr bei der einer derartigen Hitze so zu euch nehmt? Wir k\u00f6nnt ihr uns mal Tipps geben, was ihr bei der einer derartigen Hitze so zu euch nehmt? Wir trinken haupts\u00e4chlich Wasser und &hellip; <a href=\"https:\/\/www.leben-atmen.com\/izmir\/2015\/07\/04\/was-soll-man-bei-dieser-hitze-eigentlich-trinken\/\">Weiterlesen <span class=\"meta-nav\">&rarr;<\/span><\/a><\/p>\n","protected":false},"author":3,"featured_media":0,"comment_status":"open","ping_status":"open","sticky":false,"template":"","format":"standard","meta":{"_jetpack_memberships_contains_paid_content":false,"footnotes":""},"categories":[1],"tags":[],"class_list":["post-524","post","type-post","status-publish","format-standard","hentry","category-allgemein"],"jetpack_featured_media_url":"","jetpack_sharing_enabled":true,"_links":{"self":[{"href":"https:\/\/www.leben-atmen.com\/izmir\/wp-json\/wp\/v2\/posts\/524","targetHints":{"allow":["GET"]}}],"collection":[{"href":"https:\/\/www.leben-atmen.com\/izmir\/wp-json\/wp\/v2\/posts"}],"about":[{"href":"https:\/\/www.leben-atmen.com\/izmir\/wp-json\/wp\/v2\/types\/post"}],"author":[{"embeddable":true,"href":"https:\/\/www.leben-atmen.com\/izmir\/wp-json\/wp\/v2\/users\/3"}],"replies":[{"embeddable":true,"href":"https:\/\/www.leben-atmen.com\/izmir\/wp-json\/wp\/v2\/comments?post=524"}],"version-history":[{"count":0,"href":"https:\/\/www.leben-atmen.com\/izmir\/wp-json\/wp\/v2\/posts\/524\/revisions"}],"wp:attachment":[{"href":"https:\/\/www.leben-atmen.com\/izmir\/wp-json\/wp\/v2\/media?parent=524"}],"wp:term":[{"taxonomy":"category","embeddable":true,"href":"https:\/\/www.leben-atmen.com\/izmir\/wp-json\/wp\/v2\/categories?post=524"},{"taxonomy":"post_tag","embeddable":true,"href":"https:\/\/www.leben-atmen.com\/izmir\/wp-json\/wp\/v2\/tags?post=524"}],"curies":[{"name":"wp","href":"https:\/\/api.w.org\/{rel}","templated":true}]}}